{"id":1007,"date":"2020-03-20T16:55:24","date_gmt":"2020-03-20T15:55:24","guid":{"rendered":"http:\/\/www.tcchevalblanc.be\/?p=1007"},"modified":"2020-04-10T08:54:22","modified_gmt":"2020-04-10T07:54:22","slug":"message-du-president-de-laft","status":"publish","type":"post","link":"https:\/\/www.tcchevalblanc.be\/?p=1007","title":{"rendered":"CRISE COVID19 &#8211; Message du Pr\u00e9sident de l&rsquo;AFT"},"content":{"rendered":"\n<p><strong>Chers amis,<br><br>En ces moments exceptionnellement graves, permettez-moi tout d\u2019abord de vous souhaiter bon courage pour les semaines qui suivent. En tant que dirigeant de club, joueuse ou joueur de tennis, vous vous posez beaucoup de questions au sujet des interclubs et des tournois.<br><\/strong><\/p>\n\n\n\n<p>Nul ne peut r\u00e9pondre aujourd\u2019hui avec pr\u00e9cision \u00e0 ces questions.<br>Cependant, je peux, en accord avec Tennis Vlaanderen d\u2019une part et avec les pr\u00e9sidents des r\u00e9gions d\u2019autre part, vous donner les informations suivantes au cas o\u00f9 les interclubs Ethias ne pourraient pas avoir lieu aux dates initialement pr\u00e9vues :<br><br><strong>1.&nbsp;&nbsp;&nbsp;&nbsp;&nbsp;&nbsp;&nbsp;&nbsp; En ce qui concerne les interclubs nationaux :<\/strong><br>En accord avec Tennis Vlaanderen, un nouveau calendrier sera \u00e9tabli, dans la mesure du possible, en fonction de la date \u00e0 laquelle les comp\u00e9titions pourront reprendre.<br><strong>2.&nbsp;&nbsp;&nbsp;&nbsp;&nbsp;&nbsp;&nbsp;&nbsp; En ce qui concerne les interclubs r\u00e9gionaux :<\/strong><br>En accord avec les r\u00e9gions, un nouveau calendrier sera \u00e9tabli par les r\u00e9gions en fonction des sp\u00e9cificit\u00e9s r\u00e9gionales.<br><strong>3.&nbsp;&nbsp;&nbsp;&nbsp;&nbsp;&nbsp;&nbsp;&nbsp; En ce qui concerne les tournois :<\/strong><br>En accord avec les Pr\u00e9sidents des r\u00e9gions, et si les clubs le souhaitent, nous examinerons avec eux la possibilit\u00e9 de les reporter plus tard dans la saison.<br><br>Nous sommes \u00e9videmment conscients de la tr\u00e8s grande importance que repr\u00e9sentent les interclubs et les tournois pour tous nos clubs, joueuses et joueurs. C\u2019est pourquoi, avec vous, nous mettrons tout en \u0153uvre pour que ceux-ci aient bien lieu en 2020.<br><br>Mon premier souhait, au nom du Conseil d\u2019Administration de l\u2019AFT, est que vous conserviez une excellente sant\u00e9 ainsi que vos proches, et ensuite, qu\u2019au plus vite, nous nous retrouvions tous sur ou au bord des terrains de tennis.<br><br>A tr\u00e8s bient\u00f4t.<br><br>Amiti\u00e9s sportives.<br><\/p>\n\n\n\n<p>Andr\u00e9 STEIN<br>Pr\u00e9sident de l&rsquo;AFT<\/p>\n\n\n\n<div class=\"alignnormal\"><div id=\"metaslider-id-84\" style=\"max-width: 800px;\" class=\"ml-slider-3-95-0 metaslider metaslider-nivo metaslider-84 ml-slider ms-theme-default\" role=\"region\" aria-roledescription=\"Slideshow\" aria-label=\"Merci a nos sponsors\">\n    <div id=\"metaslider_container_84\">\n        <div class='slider-wrapper theme-default'><div class='ribbon'><\/div><div id='metaslider_84' class='nivoSlider'><img loading=\"lazy\" decoding=\"async\" src=\"https:\/\/www.tcchevalblanc.be\/wp-content\/uploads\/2014\/05\/Merci-\u00e0-nos-sponsors-8-800x600.png\" height=\"600\" width=\"800\" alt=\"\" class=\"slider-84 slide-96\" \/><img loading=\"lazy\" decoding=\"async\" src=\"https:\/\/www.tcchevalblanc.be\/wp-content\/uploads\/2020\/02\/MF-Associates-1-489x367.png\" height=\"600\" width=\"800\" title=\"M&amp;F Associates\" alt=\"\" class=\"slider-84 slide-988\" \/><a href=\"http:\/\/www.rxcounotte.be\" target=\"_blank\"><img loading=\"lazy\" decoding=\"async\" src=\"https:\/\/www.tcchevalblanc.be\/wp-content\/uploads\/2014\/05\/Merci-\u00e0-nos-sponsors-7-800x600.png\" height=\"600\" width=\"800\" alt=\"\" class=\"slider-84 slide-95\" \/><\/a><a href=\"http:\/\/www.latabledelea.be\" target=\"_blank\"><img loading=\"lazy\" decoding=\"async\" src=\"https:\/\/www.tcchevalblanc.be\/wp-content\/uploads\/2014\/05\/Merci-\u00e0-nos-sponsors-18-800x600.png\" height=\"600\" width=\"800\" alt=\"\" class=\"slider-84 slide-106\" \/><\/a><a href=\"http:\/\/www.thierrypeiffer.be\" target=\"_blank\"><img loading=\"lazy\" decoding=\"async\" src=\"https:\/\/www.tcchevalblanc.be\/wp-content\/uploads\/2014\/05\/Merci-\u00e0-nos-sponsors-2-800x600.png\" height=\"600\" width=\"800\" alt=\"\" class=\"slider-84 slide-86\" \/><\/a><a href=\"http:\/\/www.renda.be\" target=\"_blank\"><img loading=\"lazy\" decoding=\"async\" src=\"https:\/\/www.tcchevalblanc.be\/wp-content\/uploads\/2015\/03\/Merci-\u00e0-nos-sponsors-800x600.png\" height=\"600\" width=\"800\" alt=\"\" class=\"slider-84 slide-411\" \/><\/a><img loading=\"lazy\" decoding=\"async\" src=\"https:\/\/www.tcchevalblanc.be\/wp-content\/uploads\/2017\/04\/JBC-800x600.jpg\" height=\"600\" width=\"800\" alt=\"\" class=\"slider-84 slide-762\" \/><img loading=\"lazy\" decoding=\"async\" src=\"https:\/\/www.tcchevalblanc.be\/wp-content\/uploads\/2014\/05\/Merci-\u00e0-nos-sponsors-16-800x600.png\" height=\"600\" width=\"800\" alt=\"\" class=\"slider-84 slide-104\" \/><a href=\"http:\/\/www.bernardgillet.be\" target=\"_blank\"><img loading=\"lazy\" decoding=\"async\" src=\"https:\/\/www.tcchevalblanc.be\/wp-content\/uploads\/2014\/05\/Merci-\u00e0-nos-sponsors-111-800x600.png\" height=\"600\" width=\"800\" alt=\"\" class=\"slider-84 slide-99\" \/><\/a><img loading=\"lazy\" decoding=\"async\" src=\"https:\/\/www.tcchevalblanc.be\/wp-content\/uploads\/2014\/05\/Merci-\u00e0-nos-sponsors-12-800x600.png\" height=\"600\" width=\"800\" alt=\"\" class=\"slider-84 slide-100\" \/><a href=\"http:\/\/www.diwisports.be\" target=\"_blank\"><img loading=\"lazy\" decoding=\"async\" src=\"https:\/\/www.tcchevalblanc.be\/wp-content\/uploads\/2014\/05\/Merci-\u00e0-nos-sponsors-5-800x600.png\" height=\"600\" width=\"800\" alt=\"\" class=\"slider-84 slide-93\" \/><\/a><img loading=\"lazy\" decoding=\"async\" src=\"https:\/\/www.tcchevalblanc.be\/wp-content\/uploads\/2014\/05\/Merci-\u00e0-nos-sponsors-4-800x600.png\" height=\"600\" width=\"800\" alt=\"\" class=\"slider-84 slide-92\" \/><img loading=\"lazy\" decoding=\"async\" src=\"https:\/\/www.tcchevalblanc.be\/wp-content\/uploads\/2014\/05\/Merci-\u00e0-nos-sponsors-17-800x600.png\" height=\"600\" width=\"800\" alt=\"\" class=\"slider-84 slide-105\" \/><\/div><\/div>\n        \n    <\/div>\n<\/div><\/div>\n","protected":false},"excerpt":{"rendered":"<p>Chers amis, En ces moments exceptionnellement graves, permettez-moi tout d\u2019abord de vous souhaiter bon courage pour les semaines qui suivent. En tant que dirigeant de club, joueuse ou joueur de tennis, vous vous posez beaucoup de questions au sujet des interclubs et des tournois. Nul ne peut r\u00e9pondre aujourd\u2019hui avec pr\u00e9cision \u00e0 ces questions.Cependant, je &hellip; <a href=\"https:\/\/www.tcchevalblanc.be\/?p=1007\" class=\"more-link\">Continuer la lecture de <span class=\"screen-reader-text\">CRISE COVID19 &#8211; Message du Pr\u00e9sident de l&rsquo;AFT<\/span>  <span class=\"meta-nav\">&rarr;<\/span><\/a><\/p>\n","protected":false},"author":2,"featured_media":0,"comment_status":"closed","ping_status":"open","sticky":false,"template":"","format":"standard","meta":{"footnotes":""},"categories":[1],"tags":[],"class_list":["post-1007","post","type-post","status-publish","format-standard","hentry","category-non-classe"],"_links":{"self":[{"href":"https:\/\/www.tcchevalblanc.be\/index.php?rest_route=\/wp\/v2\/posts\/1007","targetHints":{"allow":["GET"]}}],"collection":[{"href":"https:\/\/www.tcchevalblanc.be\/index.php?rest_route=\/wp\/v2\/posts"}],"about":[{"href":"https:\/\/www.tcchevalblanc.be\/index.php?rest_route=\/wp\/v2\/types\/post"}],"author":[{"embeddable":true,"href":"https:\/\/www.tcchevalblanc.be\/index.php?rest_route=\/wp\/v2\/users\/2"}],"replies":[{"embeddable":true,"href":"https:\/\/www.tcchevalblanc.be\/index.php?rest_route=%2Fwp%2Fv2%2Fcomments&post=1007"}],"version-history":[{"count":5,"href":"https:\/\/www.tcchevalblanc.be\/index.php?rest_route=\/wp\/v2\/posts\/1007\/revisions"}],"predecessor-version":[{"id":1022,"href":"https:\/\/www.tcchevalblanc.be\/index.php?rest_route=\/wp\/v2\/posts\/1007\/revisions\/1022"}],"wp:attachment":[{"href":"https:\/\/www.tcchevalblanc.be\/index.php?rest_route=%2Fwp%2Fv2%2Fmedia&parent=1007"}],"wp:term":[{"taxonomy":"category","embeddable":true,"href":"https:\/\/www.tcchevalblanc.be\/index.php?rest_route=%2Fwp%2Fv2%2Fcategories&post=1007"},{"taxonomy":"post_tag","embeddable":true,"href":"https:\/\/www.tcchevalblanc.be\/index.php?rest_route=%2Fwp%2Fv2%2Ftags&post=1007"}],"curies":[{"name":"wp","href":"https:\/\/api.w.org\/{rel}","templated":true}]}}