{"id":1019,"date":"2020-04-10T08:53:02","date_gmt":"2020-04-10T07:53:02","guid":{"rendered":"http:\/\/www.tcchevalblanc.be\/?p=1019"},"modified":"2020-04-26T09:40:44","modified_gmt":"2020-04-26T08:40:44","slug":"covid-19-report-des-interclubs","status":"publish","type":"post","link":"https:\/\/www.tcchevalblanc.be\/?p=1019","title":{"rendered":"CRISE COVID 19 &#8211; Report des interclubs"},"content":{"rendered":"\n<p>L&rsquo;AFT a pris la d\u00e9cision de reporter les interclubs jusqu\u2019au 29 mai inclus.   Ils sont report\u00e9s \u00e0 une p\u00e9riode comprise entre juin et septembre : chaque r\u00e9gion d\u00e9terminera les dates de report qui lui sont les plus appropri\u00e9es. Ceux pr\u00e9vus \u00e0 partir du 30 mai sont actuellement maintenus.   Cela pourrait changer en fonction des futures directives gouvernementales. Une nouvelle communication sera faite durant la derni\u00e8re semaine de ce mois d\u2019avril ou plus t\u00f4t si l\u2019actualit\u00e9 le justifie. En attendant, continuez \u00e0 respecter toutes les mesures et prenez-bien soin de vous.<br><br><\/p>\n\n\n\n<div class=\"alignnormal\"><div id=\"metaslider-id-84\" style=\"max-width: 800px;\" class=\"ml-slider-3-95-0 metaslider metaslider-nivo metaslider-84 ml-slider ms-theme-default\" role=\"region\" aria-roledescription=\"Slideshow\" aria-label=\"Merci a nos sponsors\">\n    <div id=\"metaslider_container_84\">\n        <div class='slider-wrapper theme-default'><div class='ribbon'><\/div><div id='metaslider_84' class='nivoSlider'><a href=\"http:\/\/www.bernardgillet.be\" target=\"_blank\"><img loading=\"lazy\" decoding=\"async\" src=\"https:\/\/www.tcchevalblanc.be\/wp-content\/uploads\/2014\/05\/Merci-\u00e0-nos-sponsors-111-800x600.png\" height=\"600\" width=\"800\" alt=\"\" class=\"slider-84 slide-99\" \/><\/a><a href=\"http:\/\/www.diwisports.be\" target=\"_blank\"><img loading=\"lazy\" decoding=\"async\" src=\"https:\/\/www.tcchevalblanc.be\/wp-content\/uploads\/2014\/05\/Merci-\u00e0-nos-sponsors-5-800x600.png\" height=\"600\" width=\"800\" alt=\"\" class=\"slider-84 slide-93\" \/><\/a><img loading=\"lazy\" decoding=\"async\" src=\"https:\/\/www.tcchevalblanc.be\/wp-content\/uploads\/2014\/05\/Merci-\u00e0-nos-sponsors-12-800x600.png\" height=\"600\" width=\"800\" alt=\"\" class=\"slider-84 slide-100\" \/><img loading=\"lazy\" decoding=\"async\" src=\"https:\/\/www.tcchevalblanc.be\/wp-content\/uploads\/2020\/02\/MF-Associates-1-489x367.png\" height=\"600\" width=\"800\" title=\"M&amp;F Associates\" alt=\"\" class=\"slider-84 slide-988\" \/><img loading=\"lazy\" decoding=\"async\" src=\"https:\/\/www.tcchevalblanc.be\/wp-content\/uploads\/2014\/05\/Merci-\u00e0-nos-sponsors-17-800x600.png\" height=\"600\" width=\"800\" alt=\"\" class=\"slider-84 slide-105\" \/><img loading=\"lazy\" decoding=\"async\" src=\"https:\/\/www.tcchevalblanc.be\/wp-content\/uploads\/2014\/05\/Merci-\u00e0-nos-sponsors-16-800x600.png\" height=\"600\" width=\"800\" alt=\"\" class=\"slider-84 slide-104\" \/><a href=\"http:\/\/www.renda.be\" target=\"_blank\"><img loading=\"lazy\" decoding=\"async\" src=\"https:\/\/www.tcchevalblanc.be\/wp-content\/uploads\/2015\/03\/Merci-\u00e0-nos-sponsors-800x600.png\" height=\"600\" width=\"800\" alt=\"\" class=\"slider-84 slide-411\" \/><\/a><a href=\"http:\/\/www.rxcounotte.be\" target=\"_blank\"><img loading=\"lazy\" decoding=\"async\" src=\"https:\/\/www.tcchevalblanc.be\/wp-content\/uploads\/2014\/05\/Merci-\u00e0-nos-sponsors-7-800x600.png\" height=\"600\" width=\"800\" alt=\"\" class=\"slider-84 slide-95\" \/><\/a><img loading=\"lazy\" decoding=\"async\" src=\"https:\/\/www.tcchevalblanc.be\/wp-content\/uploads\/2014\/05\/Merci-\u00e0-nos-sponsors-8-800x600.png\" height=\"600\" width=\"800\" alt=\"\" class=\"slider-84 slide-96\" \/><a href=\"http:\/\/www.latabledelea.be\" target=\"_blank\"><img loading=\"lazy\" decoding=\"async\" src=\"https:\/\/www.tcchevalblanc.be\/wp-content\/uploads\/2014\/05\/Merci-\u00e0-nos-sponsors-18-800x600.png\" height=\"600\" width=\"800\" alt=\"\" class=\"slider-84 slide-106\" \/><\/a><a href=\"http:\/\/www.thierrypeiffer.be\" target=\"_blank\"><img loading=\"lazy\" decoding=\"async\" src=\"https:\/\/www.tcchevalblanc.be\/wp-content\/uploads\/2014\/05\/Merci-\u00e0-nos-sponsors-2-800x600.png\" height=\"600\" width=\"800\" alt=\"\" class=\"slider-84 slide-86\" \/><\/a><img loading=\"lazy\" decoding=\"async\" src=\"https:\/\/www.tcchevalblanc.be\/wp-content\/uploads\/2014\/05\/Merci-\u00e0-nos-sponsors-4-800x600.png\" height=\"600\" width=\"800\" alt=\"\" class=\"slider-84 slide-92\" \/><img loading=\"lazy\" decoding=\"async\" src=\"https:\/\/www.tcchevalblanc.be\/wp-content\/uploads\/2017\/04\/JBC-800x600.jpg\" height=\"600\" width=\"800\" alt=\"\" class=\"slider-84 slide-762\" \/><\/div><\/div>\n        \n    <\/div>\n<\/div><\/div>\n\n\n\n<p>&nbsp; <\/p>\n","protected":false},"excerpt":{"rendered":"<p>L&rsquo;AFT a pris la d\u00e9cision de reporter les interclubs jusqu\u2019au 29 mai inclus. Ils sont report\u00e9s \u00e0 une p\u00e9riode comprise entre juin et septembre : chaque r\u00e9gion d\u00e9terminera les dates de report qui lui sont les plus appropri\u00e9es. Ceux pr\u00e9vus \u00e0 partir du 30 mai sont actuellement maintenus. Cela pourrait changer en fonction des futures &hellip; <a href=\"https:\/\/www.tcchevalblanc.be\/?p=1019\" class=\"more-link\">Continuer la lecture de <span class=\"screen-reader-text\">CRISE COVID 19 &#8211; Report des interclubs<\/span>  <span class=\"meta-nav\">&rarr;<\/span><\/a><\/p>\n","protected":false},"author":2,"featured_media":0,"comment_status":"closed","ping_status":"open","sticky":false,"template":"","format":"standard","meta":{"footnotes":""},"categories":[6],"tags":[],"class_list":["post-1019","post","type-post","status-publish","format-standard","hentry","category-news"],"_links":{"self":[{"href":"https:\/\/www.tcchevalblanc.be\/index.php?rest_route=\/wp\/v2\/posts\/1019","targetHints":{"allow":["GET"]}}],"collection":[{"href":"https:\/\/www.tcchevalblanc.be\/index.php?rest_route=\/wp\/v2\/posts"}],"about":[{"href":"https:\/\/www.tcchevalblanc.be\/index.php?rest_route=\/wp\/v2\/types\/post"}],"author":[{"embeddable":true,"href":"https:\/\/www.tcchevalblanc.be\/index.php?rest_route=\/wp\/v2\/users\/2"}],"replies":[{"embeddable":true,"href":"https:\/\/www.tcchevalblanc.be\/index.php?rest_route=%2Fwp%2Fv2%2Fcomments&post=1019"}],"version-history":[{"count":2,"href":"https:\/\/www.tcchevalblanc.be\/index.php?rest_route=\/wp\/v2\/posts\/1019\/revisions"}],"predecessor-version":[{"id":1021,"href":"https:\/\/www.tcchevalblanc.be\/index.php?rest_route=\/wp\/v2\/posts\/1019\/revisions\/1021"}],"wp:attachment":[{"href":"https:\/\/www.tcchevalblanc.be\/index.php?rest_route=%2Fwp%2Fv2%2Fmedia&parent=1019"}],"wp:term":[{"taxonomy":"category","embeddable":true,"href":"https:\/\/www.tcchevalblanc.be\/index.php?rest_route=%2Fwp%2Fv2%2Fcategories&post=1019"},{"taxonomy":"post_tag","embeddable":true,"href":"https:\/\/www.tcchevalblanc.be\/index.php?rest_route=%2Fwp%2Fv2%2Ftags&post=1019"}],"curies":[{"name":"wp","href":"https:\/\/api.w.org\/{rel}","templated":true}]}}