{"id":1083,"date":"2020-07-16T08:58:43","date_gmt":"2020-07-16T07:58:43","guid":{"rendered":"http:\/\/www.tcchevalblanc.be\/?p=1083"},"modified":"2020-07-16T12:30:21","modified_gmt":"2020-07-16T11:30:21","slug":"le-calendrier-des-interclubs-2020-est-sorti","status":"publish","type":"post","link":"https:\/\/www.tcchevalblanc.be\/?p=1083","title":{"rendered":"Le calendrier des interclubs 2020 est sorti !"},"content":{"rendered":"\n<p>L&rsquo;AFT vient de publier le calendrier des interclubs 2020. Pour le consulter, rendez-vous sur le <a href=\"https:\/\/www.aftnet.be\/MyAFT\/Clubs\/Detail\/4010?page=calendar\">site internet de l&rsquo;AFT.<\/a> S\u00e9lectionnez la cat\u00e9gorie et votre \u00e9quipe puis cliquez sur la semaine et le jour qui vous int\u00e9ressent.<br><\/p>\n\n\n\n<figure class=\"wp-block-image\"><img loading=\"lazy\" decoding=\"async\" width=\"993\" height=\"581\" src=\"http:\/\/www.tcchevalblanc.be\/wp-content\/uploads\/2020\/07\/image.png\" alt=\"\" class=\"wp-image-1084\" srcset=\"https:\/\/www.tcchevalblanc.be\/wp-content\/uploads\/2020\/07\/image.png 993w, https:\/\/www.tcchevalblanc.be\/wp-content\/uploads\/2020\/07\/image-300x176.png 300w, https:\/\/www.tcchevalblanc.be\/wp-content\/uploads\/2020\/07\/image-768x449.png 768w\" sizes=\"auto, (max-width: 993px) 100vw, 993px\" \/><\/figure>\n\n\n\n<figure class=\"wp-block-image\"><img loading=\"lazy\" decoding=\"async\" width=\"678\" height=\"354\" src=\"http:\/\/www.tcchevalblanc.be\/wp-content\/uploads\/2020\/07\/image-1.png\" alt=\"\" class=\"wp-image-1085\" srcset=\"https:\/\/www.tcchevalblanc.be\/wp-content\/uploads\/2020\/07\/image-1.png 678w, https:\/\/www.tcchevalblanc.be\/wp-content\/uploads\/2020\/07\/image-1-300x157.png 300w\" sizes=\"auto, (max-width: 678px) 100vw, 678px\" \/><\/figure>\n\n\n\n<figure class=\"wp-block-image\"><img loading=\"lazy\" decoding=\"async\" width=\"681\" height=\"584\" src=\"http:\/\/www.tcchevalblanc.be\/wp-content\/uploads\/2020\/07\/image-2.png\" alt=\"\" class=\"wp-image-1086\" srcset=\"https:\/\/www.tcchevalblanc.be\/wp-content\/uploads\/2020\/07\/image-2.png 681w, https:\/\/www.tcchevalblanc.be\/wp-content\/uploads\/2020\/07\/image-2-300x257.png 300w\" sizes=\"auto, (max-width: 681px) 100vw, 681px\" \/><\/figure>\n\n\n\n<p>Pour les interclubs qui se jouent en ao\u00fbt, voici la r\u00e9partition des \u00e9quipes adlutes inscrites dans une m\u00eame cat\u00e9gorie:<\/p>\n\n\n\n<p>Messieurs 5 :<\/p>\n\n\n\n<ul class=\"wp-block-list\"><li>S\u00e9rie 10 : l&rsquo;\u00e9quipe St\u00e9phane Chals\u00e8che<\/li><li>S\u00e9rie 11 : l&rsquo;\u00e9quipe de Micha\u00ebl Doucet<\/li><li>S\u00e9rie 12 : l&rsquo;\u00e9quipe de Fabien Leclerc<\/li><\/ul>\n\n\n\n<p>Dames 5 :<\/p>\n\n\n\n<ul class=\"wp-block-list\"><li>S\u00e9rie 7 : l&rsquo;\u00e9quipe de Victoria Noirfalise<\/li><li>S\u00e9rie 8 : l&rsquo;\u00e9quipe de Clara Desama<\/li><\/ul>\n\n\n\n<p> Si vous avez des questions compl\u00e9mentaires, n&rsquo;h\u00e9sitez pas \u00e0 nous contacter (secretaire.tccb@gmail.com). <\/p>\n\n\n\n<p>Bon matches \u00e0 toutes et tous !<\/p>\n\n\n\n<p>Le Comit\u00e9<\/p>\n\n\n\n<div class=\"alignnormal\"><div id=\"metaslider-id-84\" style=\"max-width: 800px;\" class=\"ml-slider-3-95-0 metaslider metaslider-nivo metaslider-84 ml-slider ms-theme-default\" role=\"region\" aria-roledescription=\"Slideshow\" aria-label=\"Merci a nos sponsors\">\n    <div id=\"metaslider_container_84\">\n        <div class='slider-wrapper theme-default'><div class='ribbon'><\/div><div id='metaslider_84' class='nivoSlider'><img loading=\"lazy\" decoding=\"async\" src=\"https:\/\/www.tcchevalblanc.be\/wp-content\/uploads\/2020\/02\/MF-Associates-1-489x367.png\" height=\"600\" width=\"800\" title=\"M&amp;F Associates\" alt=\"\" class=\"slider-84 slide-988\" \/><img loading=\"lazy\" decoding=\"async\" src=\"https:\/\/www.tcchevalblanc.be\/wp-content\/uploads\/2014\/05\/Merci-\u00e0-nos-sponsors-8-800x600.png\" height=\"600\" width=\"800\" alt=\"\" class=\"slider-84 slide-96\" \/><img loading=\"lazy\" decoding=\"async\" src=\"https:\/\/www.tcchevalblanc.be\/wp-content\/uploads\/2014\/05\/Merci-\u00e0-nos-sponsors-4-800x600.png\" height=\"600\" width=\"800\" alt=\"\" class=\"slider-84 slide-92\" \/><img loading=\"lazy\" decoding=\"async\" src=\"https:\/\/www.tcchevalblanc.be\/wp-content\/uploads\/2014\/05\/Merci-\u00e0-nos-sponsors-12-800x600.png\" height=\"600\" width=\"800\" alt=\"\" class=\"slider-84 slide-100\" \/><img loading=\"lazy\" decoding=\"async\" src=\"https:\/\/www.tcchevalblanc.be\/wp-content\/uploads\/2014\/05\/Merci-\u00e0-nos-sponsors-16-800x600.png\" height=\"600\" width=\"800\" alt=\"\" class=\"slider-84 slide-104\" \/><a href=\"http:\/\/www.diwisports.be\" target=\"_blank\"><img loading=\"lazy\" decoding=\"async\" src=\"https:\/\/www.tcchevalblanc.be\/wp-content\/uploads\/2014\/05\/Merci-\u00e0-nos-sponsors-5-800x600.png\" height=\"600\" width=\"800\" alt=\"\" class=\"slider-84 slide-93\" \/><\/a><img loading=\"lazy\" decoding=\"async\" src=\"https:\/\/www.tcchevalblanc.be\/wp-content\/uploads\/2017\/04\/JBC-800x600.jpg\" height=\"600\" width=\"800\" alt=\"\" class=\"slider-84 slide-762\" \/><a href=\"http:\/\/www.rxcounotte.be\" target=\"_blank\"><img loading=\"lazy\" decoding=\"async\" src=\"https:\/\/www.tcchevalblanc.be\/wp-content\/uploads\/2014\/05\/Merci-\u00e0-nos-sponsors-7-800x600.png\" height=\"600\" width=\"800\" alt=\"\" class=\"slider-84 slide-95\" \/><\/a><a href=\"http:\/\/www.renda.be\" target=\"_blank\"><img loading=\"lazy\" decoding=\"async\" src=\"https:\/\/www.tcchevalblanc.be\/wp-content\/uploads\/2015\/03\/Merci-\u00e0-nos-sponsors-800x600.png\" height=\"600\" width=\"800\" alt=\"\" class=\"slider-84 slide-411\" \/><\/a><a href=\"http:\/\/www.bernardgillet.be\" target=\"_blank\"><img loading=\"lazy\" decoding=\"async\" src=\"https:\/\/www.tcchevalblanc.be\/wp-content\/uploads\/2014\/05\/Merci-\u00e0-nos-sponsors-111-800x600.png\" height=\"600\" width=\"800\" alt=\"\" class=\"slider-84 slide-99\" \/><\/a><img loading=\"lazy\" decoding=\"async\" src=\"https:\/\/www.tcchevalblanc.be\/wp-content\/uploads\/2014\/05\/Merci-\u00e0-nos-sponsors-17-800x600.png\" height=\"600\" width=\"800\" alt=\"\" class=\"slider-84 slide-105\" \/><a href=\"http:\/\/www.latabledelea.be\" target=\"_blank\"><img loading=\"lazy\" decoding=\"async\" src=\"https:\/\/www.tcchevalblanc.be\/wp-content\/uploads\/2014\/05\/Merci-\u00e0-nos-sponsors-18-800x600.png\" height=\"600\" width=\"800\" alt=\"\" class=\"slider-84 slide-106\" \/><\/a><a href=\"http:\/\/www.thierrypeiffer.be\" target=\"_blank\"><img loading=\"lazy\" decoding=\"async\" src=\"https:\/\/www.tcchevalblanc.be\/wp-content\/uploads\/2014\/05\/Merci-\u00e0-nos-sponsors-2-800x600.png\" height=\"600\" width=\"800\" alt=\"\" class=\"slider-84 slide-86\" \/><\/a><\/div><\/div>\n        \n    <\/div>\n<\/div><\/div>\n","protected":false},"excerpt":{"rendered":"<p>L&rsquo;AFT vient de publier le calendrier des interclubs 2020. Pour le consulter, rendez-vous sur le site internet de l&rsquo;AFT. S\u00e9lectionnez la cat\u00e9gorie et votre \u00e9quipe puis cliquez sur la semaine et le jour qui vous int\u00e9ressent. Pour les interclubs qui se jouent en ao\u00fbt, voici la r\u00e9partition des \u00e9quipes adlutes inscrites dans une m\u00eame cat\u00e9gorie: &hellip; <a href=\"https:\/\/www.tcchevalblanc.be\/?p=1083\" class=\"more-link\">Continuer la lecture de <span class=\"screen-reader-text\">Le calendrier des interclubs 2020 est sorti !<\/span>  <span class=\"meta-nav\">&rarr;<\/span><\/a><\/p>\n","protected":false},"author":2,"featured_media":0,"comment_status":"closed","ping_status":"open","sticky":false,"template":"","format":"standard","meta":{"footnotes":""},"categories":[6],"tags":[],"class_list":["post-1083","post","type-post","status-publish","format-standard","hentry","category-news"],"_links":{"self":[{"href":"https:\/\/www.tcchevalblanc.be\/index.php?rest_route=\/wp\/v2\/posts\/1083","targetHints":{"allow":["GET"]}}],"collection":[{"href":"https:\/\/www.tcchevalblanc.be\/index.php?rest_route=\/wp\/v2\/posts"}],"about":[{"href":"https:\/\/www.tcchevalblanc.be\/index.php?rest_route=\/wp\/v2\/types\/post"}],"author":[{"embeddable":true,"href":"https:\/\/www.tcchevalblanc.be\/index.php?rest_route=\/wp\/v2\/users\/2"}],"replies":[{"embeddable":true,"href":"https:\/\/www.tcchevalblanc.be\/index.php?rest_route=%2Fwp%2Fv2%2Fcomments&post=1083"}],"version-history":[{"count":4,"href":"https:\/\/www.tcchevalblanc.be\/index.php?rest_route=\/wp\/v2\/posts\/1083\/revisions"}],"predecessor-version":[{"id":1091,"href":"https:\/\/www.tcchevalblanc.be\/index.php?rest_route=\/wp\/v2\/posts\/1083\/revisions\/1091"}],"wp:attachment":[{"href":"https:\/\/www.tcchevalblanc.be\/index.php?rest_route=%2Fwp%2Fv2%2Fmedia&parent=1083"}],"wp:term":[{"taxonomy":"category","embeddable":true,"href":"https:\/\/www.tcchevalblanc.be\/index.php?rest_route=%2Fwp%2Fv2%2Fcategories&post=1083"},{"taxonomy":"post_tag","embeddable":true,"href":"https:\/\/www.tcchevalblanc.be\/index.php?rest_route=%2Fwp%2Fv2%2Ftags&post=1083"}],"curies":[{"name":"wp","href":"https:\/\/api.w.org\/{rel}","templated":true}]}}