{"id":1378,"date":"2022-03-16T21:09:09","date_gmt":"2022-03-16T20:09:09","guid":{"rendered":"http:\/\/www.tcchevalblanc.be\/?p=1378"},"modified":"2022-03-16T21:25:40","modified_gmt":"2022-03-16T20:25:40","slug":"lancement-de-la-saison-2022","status":"publish","type":"post","link":"https:\/\/www.tcchevalblanc.be\/?p=1378","title":{"rendered":"Lancement de la saison 2022"},"content":{"rendered":"\n<div class=\"wp-block-image\"><figure class=\"aligncenter is-resized\"><img loading=\"lazy\" decoding=\"async\" src=\"http:\/\/www.tcchevalblanc.be\/wp-content\/uploads\/2022\/03\/tennistime.png\" alt=\"\" class=\"wp-image-1380\" width=\"316\" height=\"286\" srcset=\"https:\/\/www.tcchevalblanc.be\/wp-content\/uploads\/2022\/03\/tennistime.png 501w, https:\/\/www.tcchevalblanc.be\/wp-content\/uploads\/2022\/03\/tennistime-300x272.png 300w\" sizes=\"auto, (max-width: 316px) 100vw, 316px\" \/><\/figure><\/div>\n\n\n\n<p>Pour lancer la saison 2022, l&rsquo;\u00e9quipe bar vous propose un ap\u00e9ro &#8211; souper &#8211; soir\u00e9e le samedi 09\/04\/2022 d\u00e8s 17h00 (vous trouverez des informations d\u00e9taill\u00e9es sur la <a href=\"https:\/\/www.facebook.com\/events\/337695461658335?ref=newsfeed\">page facebook d\u00e9di\u00e9e \u00e0 l&rsquo;\u00e9v\u00e8nement).<\/a>  Une belle occasion de se retrouver et inaugurer notre magnifique nouvelle terrasse.<\/p>\n\n\n\n<p>L&rsquo;Assembl\u00e9e G\u00e9n\u00e9rale se tiendra le <strong>jeudi 14\/04\/2022 \u00e0 partir de 19h00<\/strong>. Ceux qui souhaitent rejoindre le Comit\u00e9 ou la Commission des f\u00eates doivent envoyer leur candidature \u00e0 secretaire.tccb@gmail.com.   <\/p>\n\n\n\n<p>Pour rappel, les terrains synth\u00e9tiques sont r\u00e9servables via Tennisonline jusqu&rsquo;au 31\/03\/2022. A partir du 01\/04\/2022, les joueurs en ordre de <a href=\"http:\/\/www.tcchevalblanc.be\/?page_id=34\">cotisation<\/a> pourront r\u00e9server des terrains uniquement via <a href=\"https:\/\/www.aftnet.be\/monclubaft\">Mon club AFT<\/a>. Toutes les informations utiles vous seront communiqu\u00e9es prochainement.<\/p>\n\n\n\n<div class=\"alignnormal\"><div id=\"metaslider-id-84\" style=\"max-width: 800px;\" class=\"ml-slider-3-95-0 metaslider metaslider-nivo metaslider-84 ml-slider ms-theme-default\" role=\"region\" aria-roledescription=\"Slideshow\" aria-label=\"Merci a nos sponsors\">\n    <div id=\"metaslider_container_84\">\n        <div class='slider-wrapper theme-default'><div class='ribbon'><\/div><div id='metaslider_84' class='nivoSlider'><img loading=\"lazy\" decoding=\"async\" src=\"https:\/\/www.tcchevalblanc.be\/wp-content\/uploads\/2020\/02\/MF-Associates-1-489x367.png\" height=\"600\" width=\"800\" title=\"M&amp;F Associates\" alt=\"\" class=\"slider-84 slide-988\" \/><img loading=\"lazy\" decoding=\"async\" src=\"https:\/\/www.tcchevalblanc.be\/wp-content\/uploads\/2014\/05\/Merci-\u00e0-nos-sponsors-12-800x600.png\" height=\"600\" width=\"800\" alt=\"\" class=\"slider-84 slide-100\" \/><img loading=\"lazy\" decoding=\"async\" src=\"https:\/\/www.tcchevalblanc.be\/wp-content\/uploads\/2014\/05\/Merci-\u00e0-nos-sponsors-17-800x600.png\" height=\"600\" width=\"800\" alt=\"\" class=\"slider-84 slide-105\" \/><img loading=\"lazy\" decoding=\"async\" src=\"https:\/\/www.tcchevalblanc.be\/wp-content\/uploads\/2014\/05\/Merci-\u00e0-nos-sponsors-16-800x600.png\" height=\"600\" width=\"800\" alt=\"\" class=\"slider-84 slide-104\" \/><img loading=\"lazy\" decoding=\"async\" src=\"https:\/\/www.tcchevalblanc.be\/wp-content\/uploads\/2014\/05\/Merci-\u00e0-nos-sponsors-4-800x600.png\" height=\"600\" width=\"800\" alt=\"\" class=\"slider-84 slide-92\" \/><a href=\"http:\/\/www.diwisports.be\" target=\"_blank\"><img loading=\"lazy\" decoding=\"async\" src=\"https:\/\/www.tcchevalblanc.be\/wp-content\/uploads\/2014\/05\/Merci-\u00e0-nos-sponsors-5-800x600.png\" height=\"600\" width=\"800\" alt=\"\" class=\"slider-84 slide-93\" \/><\/a><a href=\"http:\/\/www.renda.be\" target=\"_blank\"><img loading=\"lazy\" decoding=\"async\" src=\"https:\/\/www.tcchevalblanc.be\/wp-content\/uploads\/2015\/03\/Merci-\u00e0-nos-sponsors-800x600.png\" height=\"600\" width=\"800\" alt=\"\" class=\"slider-84 slide-411\" \/><\/a><a href=\"http:\/\/www.thierrypeiffer.be\" target=\"_blank\"><img loading=\"lazy\" decoding=\"async\" src=\"https:\/\/www.tcchevalblanc.be\/wp-content\/uploads\/2014\/05\/Merci-\u00e0-nos-sponsors-2-800x600.png\" height=\"600\" width=\"800\" alt=\"\" class=\"slider-84 slide-86\" \/><\/a><a href=\"http:\/\/www.rxcounotte.be\" target=\"_blank\"><img loading=\"lazy\" decoding=\"async\" src=\"https:\/\/www.tcchevalblanc.be\/wp-content\/uploads\/2014\/05\/Merci-\u00e0-nos-sponsors-7-800x600.png\" height=\"600\" width=\"800\" alt=\"\" class=\"slider-84 slide-95\" \/><\/a><img loading=\"lazy\" decoding=\"async\" src=\"https:\/\/www.tcchevalblanc.be\/wp-content\/uploads\/2017\/04\/JBC-800x600.jpg\" height=\"600\" width=\"800\" alt=\"\" class=\"slider-84 slide-762\" \/><img loading=\"lazy\" decoding=\"async\" src=\"https:\/\/www.tcchevalblanc.be\/wp-content\/uploads\/2014\/05\/Merci-\u00e0-nos-sponsors-8-800x600.png\" height=\"600\" width=\"800\" alt=\"\" class=\"slider-84 slide-96\" \/><a href=\"http:\/\/www.latabledelea.be\" target=\"_blank\"><img loading=\"lazy\" decoding=\"async\" src=\"https:\/\/www.tcchevalblanc.be\/wp-content\/uploads\/2014\/05\/Merci-\u00e0-nos-sponsors-18-800x600.png\" height=\"600\" width=\"800\" alt=\"\" class=\"slider-84 slide-106\" \/><\/a><a href=\"http:\/\/www.bernardgillet.be\" target=\"_blank\"><img loading=\"lazy\" decoding=\"async\" src=\"https:\/\/www.tcchevalblanc.be\/wp-content\/uploads\/2014\/05\/Merci-\u00e0-nos-sponsors-111-800x600.png\" height=\"600\" width=\"800\" alt=\"\" class=\"slider-84 slide-99\" \/><\/a><\/div><\/div>\n        \n    <\/div>\n<\/div><\/div>\n\n\n\n<p>   <\/p>\n","protected":false},"excerpt":{"rendered":"<p>Pour lancer la saison 2022, l&rsquo;\u00e9quipe bar vous propose un ap\u00e9ro &#8211; souper &#8211; soir\u00e9e le samedi 09\/04\/2022 d\u00e8s 17h00 (vous trouverez des informations d\u00e9taill\u00e9es sur la page facebook d\u00e9di\u00e9e \u00e0 l&rsquo;\u00e9v\u00e8nement). Une belle occasion de se retrouver et inaugurer notre magnifique nouvelle terrasse. L&rsquo;Assembl\u00e9e G\u00e9n\u00e9rale se tiendra le jeudi 14\/04\/2022 \u00e0 partir de 19h00. &hellip; <a href=\"https:\/\/www.tcchevalblanc.be\/?p=1378\" class=\"more-link\">Continuer la lecture de <span class=\"screen-reader-text\">Lancement de la saison 2022<\/span>  <span class=\"meta-nav\">&rarr;<\/span><\/a><\/p>\n","protected":false},"author":2,"featured_media":0,"comment_status":"closed","ping_status":"open","sticky":false,"template":"","format":"standard","meta":{"footnotes":""},"categories":[6],"tags":[],"class_list":["post-1378","post","type-post","status-publish","format-standard","hentry","category-news"],"_links":{"self":[{"href":"https:\/\/www.tcchevalblanc.be\/index.php?rest_route=\/wp\/v2\/posts\/1378","targetHints":{"allow":["GET"]}}],"collection":[{"href":"https:\/\/www.tcchevalblanc.be\/index.php?rest_route=\/wp\/v2\/posts"}],"about":[{"href":"https:\/\/www.tcchevalblanc.be\/index.php?rest_route=\/wp\/v2\/types\/post"}],"author":[{"embeddable":true,"href":"https:\/\/www.tcchevalblanc.be\/index.php?rest_route=\/wp\/v2\/users\/2"}],"replies":[{"embeddable":true,"href":"https:\/\/www.tcchevalblanc.be\/index.php?rest_route=%2Fwp%2Fv2%2Fcomments&post=1378"}],"version-history":[{"count":5,"href":"https:\/\/www.tcchevalblanc.be\/index.php?rest_route=\/wp\/v2\/posts\/1378\/revisions"}],"predecessor-version":[{"id":1385,"href":"https:\/\/www.tcchevalblanc.be\/index.php?rest_route=\/wp\/v2\/posts\/1378\/revisions\/1385"}],"wp:attachment":[{"href":"https:\/\/www.tcchevalblanc.be\/index.php?rest_route=%2Fwp%2Fv2%2Fmedia&parent=1378"}],"wp:term":[{"taxonomy":"category","embeddable":true,"href":"https:\/\/www.tcchevalblanc.be\/index.php?rest_route=%2Fwp%2Fv2%2Fcategories&post=1378"},{"taxonomy":"post_tag","embeddable":true,"href":"https:\/\/www.tcchevalblanc.be\/index.php?rest_route=%2Fwp%2Fv2%2Ftags&post=1378"}],"curies":[{"name":"wp","href":"https:\/\/api.w.org\/{rel}","templated":true}]}}