{"id":1780,"date":"2023-02-16T12:30:01","date_gmt":"2023-02-16T11:30:01","guid":{"rendered":"http:\/\/www.tcchevalblanc.be\/?p=1780"},"modified":"2023-02-17T12:27:49","modified_gmt":"2023-02-17T11:27:49","slug":"dimanche-12-03-balade-et-diner-choucroute","status":"publish","type":"post","link":"https:\/\/www.tcchevalblanc.be\/?p=1780","title":{"rendered":"Dimanche 12\/03: balade et d\u00eener choucroute"},"content":{"rendered":"\n<figure class=\"wp-block-image size-large\"><a href=\"http:\/\/www.tcchevalblanc.be\/wp-content\/uploads\/2023\/02\/Choucriute-1-1.jpg\"><img loading=\"lazy\" decoding=\"async\" width=\"1024\" height=\"401\" src=\"http:\/\/www.tcchevalblanc.be\/wp-content\/uploads\/2023\/02\/Choucriute-1-1-1024x401.jpg\" alt=\"\" class=\"wp-image-1782\" srcset=\"https:\/\/www.tcchevalblanc.be\/wp-content\/uploads\/2023\/02\/Choucriute-1-1-1024x401.jpg 1024w, https:\/\/www.tcchevalblanc.be\/wp-content\/uploads\/2023\/02\/Choucriute-1-1-300x117.jpg 300w, https:\/\/www.tcchevalblanc.be\/wp-content\/uploads\/2023\/02\/Choucriute-1-1-768x301.jpg 768w, https:\/\/www.tcchevalblanc.be\/wp-content\/uploads\/2023\/02\/Choucriute-1-1-1536x601.jpg 1536w, https:\/\/www.tcchevalblanc.be\/wp-content\/uploads\/2023\/02\/Choucriute-1-1.jpg 1950w\" sizes=\"auto, (max-width: 1024px) 100vw, 1024px\" \/><\/a><\/figure>\n\n\n\n<p>Ce dimanche 12 mars, venez profiter d&rsquo;une jolie balade de 6 km organis\u00e9e au d\u00e9part du club par Sabine et Oli puis venez d\u00e9guster la derni\u00e8re choucroute de cet hiver.<br><br>Voici les infos pratiques:<br><br>&#8211; 10h00: d\u00e9part de la <strong><em>balade<\/em><\/strong> au TCCB (6 km)<br>&#8211; <strong><em>Premier ap\u00e9ro<\/em><\/strong> de la saison<br>&#8211; A partir de 12h00: <strong><em>d\u00eener choucroute<\/em><\/strong> (possibilit\u00e9 de hot-dogs pour les enfants)<br><br>Animation musicale assur\u00e9e par Damien toute l&rsquo;apr\u00e8s-midi<br><br>Prix: 18\u20ac \/ personne<br><strong><em>R\u00e9servation uniquement par sms au 0495 \/ 320823 (Pitch)<\/em><\/strong><br><em>Merci de pr\u00e9ciser si vous participez \u00e0 la balade ou pas<\/em><br><br>Cl\u00f4ture des inscriptions: mercredi 08\/03 \u00e0 20h00<\/p>\n\n\n\n<div class=\"alignnormal\"><div id=\"metaslider-id-84\" style=\"max-width: 800px;\" class=\"ml-slider-3-95-0 metaslider metaslider-nivo metaslider-84 ml-slider ms-theme-default\" role=\"region\" aria-roledescription=\"Slideshow\" aria-label=\"Merci a nos sponsors\">\n    <div id=\"metaslider_container_84\">\n        <div class='slider-wrapper theme-default'><div class='ribbon'><\/div><div id='metaslider_84' class='nivoSlider'><a href=\"http:\/\/www.rxcounotte.be\" target=\"_blank\"><img loading=\"lazy\" decoding=\"async\" src=\"https:\/\/www.tcchevalblanc.be\/wp-content\/uploads\/2014\/05\/Merci-\u00e0-nos-sponsors-7-800x600.png\" height=\"600\" width=\"800\" alt=\"\" class=\"slider-84 slide-95\" \/><\/a><img loading=\"lazy\" decoding=\"async\" src=\"https:\/\/www.tcchevalblanc.be\/wp-content\/uploads\/2020\/02\/MF-Associates-1-489x367.png\" height=\"600\" width=\"800\" title=\"M&amp;F Associates\" alt=\"\" class=\"slider-84 slide-988\" \/><img loading=\"lazy\" decoding=\"async\" src=\"https:\/\/www.tcchevalblanc.be\/wp-content\/uploads\/2014\/05\/Merci-\u00e0-nos-sponsors-8-800x600.png\" height=\"600\" width=\"800\" alt=\"\" class=\"slider-84 slide-96\" \/><a href=\"http:\/\/www.diwisports.be\" target=\"_blank\"><img loading=\"lazy\" decoding=\"async\" src=\"https:\/\/www.tcchevalblanc.be\/wp-content\/uploads\/2014\/05\/Merci-\u00e0-nos-sponsors-5-800x600.png\" height=\"600\" width=\"800\" alt=\"\" class=\"slider-84 slide-93\" \/><\/a><a href=\"http:\/\/www.bernardgillet.be\" target=\"_blank\"><img loading=\"lazy\" decoding=\"async\" src=\"https:\/\/www.tcchevalblanc.be\/wp-content\/uploads\/2014\/05\/Merci-\u00e0-nos-sponsors-111-800x600.png\" height=\"600\" width=\"800\" alt=\"\" class=\"slider-84 slide-99\" \/><\/a><img loading=\"lazy\" decoding=\"async\" src=\"https:\/\/www.tcchevalblanc.be\/wp-content\/uploads\/2014\/05\/Merci-\u00e0-nos-sponsors-17-800x600.png\" height=\"600\" width=\"800\" alt=\"\" class=\"slider-84 slide-105\" \/><a href=\"http:\/\/www.latabledelea.be\" target=\"_blank\"><img loading=\"lazy\" decoding=\"async\" src=\"https:\/\/www.tcchevalblanc.be\/wp-content\/uploads\/2014\/05\/Merci-\u00e0-nos-sponsors-18-800x600.png\" height=\"600\" width=\"800\" alt=\"\" class=\"slider-84 slide-106\" \/><\/a><img loading=\"lazy\" decoding=\"async\" src=\"https:\/\/www.tcchevalblanc.be\/wp-content\/uploads\/2014\/05\/Merci-\u00e0-nos-sponsors-16-800x600.png\" height=\"600\" width=\"800\" alt=\"\" class=\"slider-84 slide-104\" \/><a href=\"http:\/\/www.thierrypeiffer.be\" target=\"_blank\"><img loading=\"lazy\" decoding=\"async\" src=\"https:\/\/www.tcchevalblanc.be\/wp-content\/uploads\/2014\/05\/Merci-\u00e0-nos-sponsors-2-800x600.png\" height=\"600\" width=\"800\" alt=\"\" class=\"slider-84 slide-86\" \/><\/a><img loading=\"lazy\" decoding=\"async\" src=\"https:\/\/www.tcchevalblanc.be\/wp-content\/uploads\/2014\/05\/Merci-\u00e0-nos-sponsors-4-800x600.png\" height=\"600\" width=\"800\" alt=\"\" class=\"slider-84 slide-92\" \/><img loading=\"lazy\" decoding=\"async\" src=\"https:\/\/www.tcchevalblanc.be\/wp-content\/uploads\/2017\/04\/JBC-800x600.jpg\" height=\"600\" width=\"800\" alt=\"\" class=\"slider-84 slide-762\" \/><a href=\"http:\/\/www.renda.be\" target=\"_blank\"><img loading=\"lazy\" decoding=\"async\" src=\"https:\/\/www.tcchevalblanc.be\/wp-content\/uploads\/2015\/03\/Merci-\u00e0-nos-sponsors-800x600.png\" height=\"600\" width=\"800\" alt=\"\" class=\"slider-84 slide-411\" \/><\/a><img loading=\"lazy\" decoding=\"async\" src=\"https:\/\/www.tcchevalblanc.be\/wp-content\/uploads\/2014\/05\/Merci-\u00e0-nos-sponsors-12-800x600.png\" height=\"600\" width=\"800\" alt=\"\" class=\"slider-84 slide-100\" \/><\/div><\/div>\n        \n    <\/div>\n<\/div><\/div>\n","protected":false},"excerpt":{"rendered":"<p>Ce dimanche 12 mars, venez profiter d&rsquo;une jolie balade de 6 km organis\u00e9e au d\u00e9part du club par Sabine et Oli puis venez d\u00e9guster la derni\u00e8re choucroute de cet hiver. Voici les infos pratiques: &#8211; 10h00: d\u00e9part de la balade au TCCB (6 km)&#8211; Premier ap\u00e9ro de la saison&#8211; A partir de 12h00: d\u00eener choucroute &hellip; <a href=\"https:\/\/www.tcchevalblanc.be\/?p=1780\" class=\"more-link\">Continuer la lecture de <span class=\"screen-reader-text\">Dimanche 12\/03: balade et d\u00eener choucroute<\/span>  <span class=\"meta-nav\">&rarr;<\/span><\/a><\/p>\n","protected":false},"author":5,"featured_media":0,"comment_status":"closed","ping_status":"open","sticky":false,"template":"","format":"standard","meta":{"footnotes":""},"categories":[6],"tags":[],"class_list":["post-1780","post","type-post","status-publish","format-standard","hentry","category-news"],"_links":{"self":[{"href":"https:\/\/www.tcchevalblanc.be\/index.php?rest_route=\/wp\/v2\/posts\/1780","targetHints":{"allow":["GET"]}}],"collection":[{"href":"https:\/\/www.tcchevalblanc.be\/index.php?rest_route=\/wp\/v2\/posts"}],"about":[{"href":"https:\/\/www.tcchevalblanc.be\/index.php?rest_route=\/wp\/v2\/types\/post"}],"author":[{"embeddable":true,"href":"https:\/\/www.tcchevalblanc.be\/index.php?rest_route=\/wp\/v2\/users\/5"}],"replies":[{"embeddable":true,"href":"https:\/\/www.tcchevalblanc.be\/index.php?rest_route=%2Fwp%2Fv2%2Fcomments&post=1780"}],"version-history":[{"count":3,"href":"https:\/\/www.tcchevalblanc.be\/index.php?rest_route=\/wp\/v2\/posts\/1780\/revisions"}],"predecessor-version":[{"id":1785,"href":"https:\/\/www.tcchevalblanc.be\/index.php?rest_route=\/wp\/v2\/posts\/1780\/revisions\/1785"}],"wp:attachment":[{"href":"https:\/\/www.tcchevalblanc.be\/index.php?rest_route=%2Fwp%2Fv2%2Fmedia&parent=1780"}],"wp:term":[{"taxonomy":"category","embeddable":true,"href":"https:\/\/www.tcchevalblanc.be\/index.php?rest_route=%2Fwp%2Fv2%2Fcategories&post=1780"},{"taxonomy":"post_tag","embeddable":true,"href":"https:\/\/www.tcchevalblanc.be\/index.php?rest_route=%2Fwp%2Fv2%2Ftags&post=1780"}],"curies":[{"name":"wp","href":"https:\/\/api.w.org\/{rel}","templated":true}]}}