{"id":1792,"date":"2023-03-20T11:34:13","date_gmt":"2023-03-20T10:34:13","guid":{"rendered":"http:\/\/www.tcchevalblanc.be\/?p=1792"},"modified":"2023-03-20T11:34:13","modified_gmt":"2023-03-20T10:34:13","slug":"souper-et-soiree-douverture-2023","status":"publish","type":"post","link":"https:\/\/www.tcchevalblanc.be\/?p=1792","title":{"rendered":"Souper et soir\u00e9e d&rsquo;ouverture 2023&#8230;"},"content":{"rendered":"\n<figure class=\"wp-block-image size-full is-resized\"><a href=\"http:\/\/www.tcchevalblanc.be\/wp-content\/uploads\/2023\/03\/opening-soon-colore.jpg\"><img loading=\"lazy\" decoding=\"async\" src=\"http:\/\/www.tcchevalblanc.be\/wp-content\/uploads\/2023\/03\/opening-soon-colore.jpg\" alt=\"\" class=\"wp-image-1793\" width=\"386\" height=\"386\" srcset=\"https:\/\/www.tcchevalblanc.be\/wp-content\/uploads\/2023\/03\/opening-soon-colore.jpg 691w, https:\/\/www.tcchevalblanc.be\/wp-content\/uploads\/2023\/03\/opening-soon-colore-300x300.jpg 300w, https:\/\/www.tcchevalblanc.be\/wp-content\/uploads\/2023\/03\/opening-soon-colore-150x150.jpg 150w\" sizes=\"auto, (max-width: 386px) 100vw, 386px\" \/><\/a><\/figure>\n\n\n\n<p>La saison 2023&#8230; c&rsquo;est (presque) parti!!<\/p>\n\n\n\n<p>Le <strong><em>SAMEDI 15\/04<\/em><\/strong>, on referme l&rsquo;hiver et on ouvre la saison:<br><br>&#8211; d\u00e8s 17h00\u00a0: premier <strong><em>ap\u00e9ro<\/em><\/strong><\/p>\n\n\n\n<p>&#8211; d\u00e8s 20h00\u00a0: souper avec au menu\u00a0: <strong>couscous<\/strong> <em>viande<\/em> ou <em>v\u00e9g\u00e9tarien<\/em><\/p>\n\n\n\n<ul class=\"wp-block-list\">\n<li>Prix\u00a0: 18\u20ac<\/li>\n<\/ul>\n\n\n\n<ul class=\"wp-block-list\">\n<li>R\u00e9servation pour le mercredi 12\/04 au plus tard:<\/li>\n<\/ul>\n\n\n\n<p>par sms (Pitch): 0495 \/ 320823 (pr\u00e9cisez si viande ou v\u00e9g\u00e9)<\/p>\n\n\n\n<p>&#8211; A partir de 22h30\u00a0: <strong><em>premier \u00e9chauffement musical de la saison<\/em><\/strong><\/p>\n\n\n\n<p>On compte sur vous pour (d\u00e9j\u00e0) mettre le feu<\/p>\n\n\n\n<div class=\"alignnormal\"><div id=\"metaslider-id-84\" style=\"max-width: 800px;\" class=\"ml-slider-3-95-0 metaslider metaslider-nivo metaslider-84 ml-slider ms-theme-default\" role=\"region\" aria-roledescription=\"Slideshow\" aria-label=\"Merci a nos sponsors\">\n    <div id=\"metaslider_container_84\">\n        <div class='slider-wrapper theme-default'><div class='ribbon'><\/div><div id='metaslider_84' class='nivoSlider'><a href=\"http:\/\/www.latabledelea.be\" target=\"_blank\"><img loading=\"lazy\" decoding=\"async\" src=\"https:\/\/www.tcchevalblanc.be\/wp-content\/uploads\/2014\/05\/Merci-\u00e0-nos-sponsors-18-800x600.png\" height=\"600\" width=\"800\" alt=\"\" class=\"slider-84 slide-106\" \/><\/a><img loading=\"lazy\" decoding=\"async\" src=\"https:\/\/www.tcchevalblanc.be\/wp-content\/uploads\/2014\/05\/Merci-\u00e0-nos-sponsors-4-800x600.png\" height=\"600\" width=\"800\" alt=\"\" class=\"slider-84 slide-92\" \/><a href=\"http:\/\/www.thierrypeiffer.be\" target=\"_blank\"><img loading=\"lazy\" decoding=\"async\" src=\"https:\/\/www.tcchevalblanc.be\/wp-content\/uploads\/2014\/05\/Merci-\u00e0-nos-sponsors-2-800x600.png\" height=\"600\" width=\"800\" alt=\"\" class=\"slider-84 slide-86\" \/><\/a><img loading=\"lazy\" decoding=\"async\" src=\"https:\/\/www.tcchevalblanc.be\/wp-content\/uploads\/2014\/05\/Merci-\u00e0-nos-sponsors-16-800x600.png\" height=\"600\" width=\"800\" alt=\"\" class=\"slider-84 slide-104\" \/><img loading=\"lazy\" decoding=\"async\" src=\"https:\/\/www.tcchevalblanc.be\/wp-content\/uploads\/2014\/05\/Merci-\u00e0-nos-sponsors-12-800x600.png\" height=\"600\" width=\"800\" alt=\"\" class=\"slider-84 slide-100\" \/><img loading=\"lazy\" decoding=\"async\" src=\"https:\/\/www.tcchevalblanc.be\/wp-content\/uploads\/2014\/05\/Merci-\u00e0-nos-sponsors-17-800x600.png\" height=\"600\" width=\"800\" alt=\"\" class=\"slider-84 slide-105\" \/><img loading=\"lazy\" decoding=\"async\" src=\"https:\/\/www.tcchevalblanc.be\/wp-content\/uploads\/2020\/02\/MF-Associates-1-489x367.png\" height=\"600\" width=\"800\" title=\"M&amp;F Associates\" alt=\"\" class=\"slider-84 slide-988\" \/><a href=\"http:\/\/www.bernardgillet.be\" target=\"_blank\"><img loading=\"lazy\" decoding=\"async\" src=\"https:\/\/www.tcchevalblanc.be\/wp-content\/uploads\/2014\/05\/Merci-\u00e0-nos-sponsors-111-800x600.png\" height=\"600\" width=\"800\" alt=\"\" class=\"slider-84 slide-99\" \/><\/a><img loading=\"lazy\" decoding=\"async\" src=\"https:\/\/www.tcchevalblanc.be\/wp-content\/uploads\/2017\/04\/JBC-800x600.jpg\" height=\"600\" width=\"800\" alt=\"\" class=\"slider-84 slide-762\" \/><img loading=\"lazy\" decoding=\"async\" src=\"https:\/\/www.tcchevalblanc.be\/wp-content\/uploads\/2014\/05\/Merci-\u00e0-nos-sponsors-8-800x600.png\" height=\"600\" width=\"800\" alt=\"\" class=\"slider-84 slide-96\" \/><a href=\"http:\/\/www.rxcounotte.be\" target=\"_blank\"><img loading=\"lazy\" decoding=\"async\" src=\"https:\/\/www.tcchevalblanc.be\/wp-content\/uploads\/2014\/05\/Merci-\u00e0-nos-sponsors-7-800x600.png\" height=\"600\" width=\"800\" alt=\"\" class=\"slider-84 slide-95\" \/><\/a><a href=\"http:\/\/www.renda.be\" target=\"_blank\"><img loading=\"lazy\" decoding=\"async\" src=\"https:\/\/www.tcchevalblanc.be\/wp-content\/uploads\/2015\/03\/Merci-\u00e0-nos-sponsors-800x600.png\" height=\"600\" width=\"800\" alt=\"\" class=\"slider-84 slide-411\" \/><\/a><a href=\"http:\/\/www.diwisports.be\" target=\"_blank\"><img loading=\"lazy\" decoding=\"async\" src=\"https:\/\/www.tcchevalblanc.be\/wp-content\/uploads\/2014\/05\/Merci-\u00e0-nos-sponsors-5-800x600.png\" height=\"600\" width=\"800\" alt=\"\" class=\"slider-84 slide-93\" \/><\/a><\/div><\/div>\n        \n    <\/div>\n<\/div><\/div>\n","protected":false},"excerpt":{"rendered":"<p>La saison 2023&#8230; c&rsquo;est (presque) parti!! Le SAMEDI 15\/04, on referme l&rsquo;hiver et on ouvre la saison: &#8211; d\u00e8s 17h00\u00a0: premier ap\u00e9ro &#8211; d\u00e8s 20h00\u00a0: souper avec au menu\u00a0: couscous viande ou v\u00e9g\u00e9tarien par sms (Pitch): 0495 \/ 320823 (pr\u00e9cisez si viande ou v\u00e9g\u00e9) &#8211; A partir de 22h30\u00a0: premier \u00e9chauffement musical de la saison &hellip; <a href=\"https:\/\/www.tcchevalblanc.be\/?p=1792\" class=\"more-link\">Continuer la lecture de <span class=\"screen-reader-text\">Souper et soir\u00e9e d&rsquo;ouverture 2023&#8230;<\/span>  <span class=\"meta-nav\">&rarr;<\/span><\/a><\/p>\n","protected":false},"author":5,"featured_media":0,"comment_status":"closed","ping_status":"open","sticky":false,"template":"","format":"standard","meta":{"footnotes":""},"categories":[6],"tags":[],"class_list":["post-1792","post","type-post","status-publish","format-standard","hentry","category-news"],"_links":{"self":[{"href":"https:\/\/www.tcchevalblanc.be\/index.php?rest_route=\/wp\/v2\/posts\/1792","targetHints":{"allow":["GET"]}}],"collection":[{"href":"https:\/\/www.tcchevalblanc.be\/index.php?rest_route=\/wp\/v2\/posts"}],"about":[{"href":"https:\/\/www.tcchevalblanc.be\/index.php?rest_route=\/wp\/v2\/types\/post"}],"author":[{"embeddable":true,"href":"https:\/\/www.tcchevalblanc.be\/index.php?rest_route=\/wp\/v2\/users\/5"}],"replies":[{"embeddable":true,"href":"https:\/\/www.tcchevalblanc.be\/index.php?rest_route=%2Fwp%2Fv2%2Fcomments&post=1792"}],"version-history":[{"count":2,"href":"https:\/\/www.tcchevalblanc.be\/index.php?rest_route=\/wp\/v2\/posts\/1792\/revisions"}],"predecessor-version":[{"id":1795,"href":"https:\/\/www.tcchevalblanc.be\/index.php?rest_route=\/wp\/v2\/posts\/1792\/revisions\/1795"}],"wp:attachment":[{"href":"https:\/\/www.tcchevalblanc.be\/index.php?rest_route=%2Fwp%2Fv2%2Fmedia&parent=1792"}],"wp:term":[{"taxonomy":"category","embeddable":true,"href":"https:\/\/www.tcchevalblanc.be\/index.php?rest_route=%2Fwp%2Fv2%2Fcategories&post=1792"},{"taxonomy":"post_tag","embeddable":true,"href":"https:\/\/www.tcchevalblanc.be\/index.php?rest_route=%2Fwp%2Fv2%2Ftags&post=1792"}],"curies":[{"name":"wp","href":"https:\/\/api.w.org\/{rel}","templated":true}]}}