{"id":1797,"date":"2023-04-03T06:19:44","date_gmt":"2023-04-03T05:19:44","guid":{"rendered":"http:\/\/www.tcchevalblanc.be\/?p=1797"},"modified":"2023-04-03T06:19:44","modified_gmt":"2023-04-03T05:19:44","slug":"jeudi-20-04-des-19h00-apero-interclubs-et-assemblee-generale","status":"publish","type":"post","link":"https:\/\/www.tcchevalblanc.be\/?p=1797","title":{"rendered":"Jeudi 20\/04 d\u00e8s 19h00: ap\u00e9ro interclubs et assembl\u00e9e g\u00e9n\u00e9rale"},"content":{"rendered":"\n<figure class=\"wp-block-image size-large\"><a href=\"http:\/\/www.tcchevalblanc.be\/wp-content\/uploads\/2023\/04\/Assemblee-generale-1.jpg\"><img loading=\"lazy\" decoding=\"async\" width=\"1024\" height=\"616\" src=\"http:\/\/www.tcchevalblanc.be\/wp-content\/uploads\/2023\/04\/Assemblee-generale-1-1024x616.jpg\" alt=\"\" class=\"wp-image-1798\" srcset=\"https:\/\/www.tcchevalblanc.be\/wp-content\/uploads\/2023\/04\/Assemblee-generale-1-1024x616.jpg 1024w, https:\/\/www.tcchevalblanc.be\/wp-content\/uploads\/2023\/04\/Assemblee-generale-1-300x180.jpg 300w, https:\/\/www.tcchevalblanc.be\/wp-content\/uploads\/2023\/04\/Assemblee-generale-1-768x462.jpg 768w, https:\/\/www.tcchevalblanc.be\/wp-content\/uploads\/2023\/04\/Assemblee-generale-1-1536x924.jpg 1536w, https:\/\/www.tcchevalblanc.be\/wp-content\/uploads\/2023\/04\/Assemblee-generale-1.jpg 1819w\" sizes=\"auto, (max-width: 1024px) 100vw, 1024px\" \/><\/a><\/figure>\n\n\n\n<p>Notez bien la date du <strong><em>jeudi 20\/04<\/em><\/strong> pour un double \u00e9v\u00e8nement.<\/p>\n\n\n\n<p>D\u2019une part <strong>l\u2019assembl\u00e9e g\u00e9n\u00e9rale<\/strong> du club se tiendra \u00e0 <strong>19h00<\/strong>.<\/p>\n\n\n\n<p>Les membres qui souhaitent rejoindre le Comit\u00e9 doivent envoyer leur candidature au pr\u00e9alable \u00e0 l\u2019adresse&nbsp;: <a href=\"mailto:secretaire.tccb@gmail.com\">secretaire.tccb@gmail.com<\/a><\/p>\n\n\n\n<p><strong>D\u00e8s 20h15&nbsp;: ap\u00e9ro INTERCLUBS<\/strong><\/p>\n\n\n\n<p>Vous y \u00eates toutes et tous les bienvenu(e)s&nbsp;!!<\/p>\n\n\n\n<p>Les capitaines (<strong><em>qui recevront leur carnet ce jour-l\u00e0<\/em><\/strong>) avec leur \u00e9quipe mais aussi les joueuses \/ joueurs qui n\u2019ont pas d\u2019\u00e9quipe mais seraient disponibles pour d\u00e9panner lors de l\u2019une ou l\u2019autre journ\u00e9e d\u2019interclubs.<\/p>\n\n\n\n<p>Voil\u00e0 donc l\u2019occasion parfaite pour faire connaissance les un(e)s avec les autres et \u00e9ventuellement compl\u00e9ter des \u00e9quipes autour d\u2019un verre.<\/p>\n\n\n\n<p>Au plaisir de vous y rencontrer,<\/p>\n\n\n\n<p>Le Comit\u00e9<\/p>\n\n\n\n<div class=\"alignnormal\"><div id=\"metaslider-id-84\" style=\"max-width: 800px;\" class=\"ml-slider-3-95-0 metaslider metaslider-nivo metaslider-84 ml-slider ms-theme-default\" role=\"region\" aria-roledescription=\"Slideshow\" aria-label=\"Merci a nos sponsors\">\n    <div id=\"metaslider_container_84\">\n        <div class='slider-wrapper theme-default'><div class='ribbon'><\/div><div id='metaslider_84' class='nivoSlider'><a href=\"http:\/\/www.latabledelea.be\" target=\"_blank\"><img loading=\"lazy\" decoding=\"async\" src=\"https:\/\/www.tcchevalblanc.be\/wp-content\/uploads\/2014\/05\/Merci-\u00e0-nos-sponsors-18-800x600.png\" height=\"600\" width=\"800\" alt=\"\" class=\"slider-84 slide-106\" \/><\/a><img loading=\"lazy\" decoding=\"async\" src=\"https:\/\/www.tcchevalblanc.be\/wp-content\/uploads\/2020\/02\/MF-Associates-1-489x367.png\" height=\"600\" width=\"800\" title=\"M&amp;F Associates\" alt=\"\" class=\"slider-84 slide-988\" \/><a href=\"http:\/\/www.rxcounotte.be\" target=\"_blank\"><img loading=\"lazy\" decoding=\"async\" src=\"https:\/\/www.tcchevalblanc.be\/wp-content\/uploads\/2014\/05\/Merci-\u00e0-nos-sponsors-7-800x600.png\" height=\"600\" width=\"800\" alt=\"\" class=\"slider-84 slide-95\" \/><\/a><a href=\"http:\/\/www.bernardgillet.be\" target=\"_blank\"><img loading=\"lazy\" decoding=\"async\" src=\"https:\/\/www.tcchevalblanc.be\/wp-content\/uploads\/2014\/05\/Merci-\u00e0-nos-sponsors-111-800x600.png\" height=\"600\" width=\"800\" alt=\"\" class=\"slider-84 slide-99\" \/><\/a><img loading=\"lazy\" decoding=\"async\" src=\"https:\/\/www.tcchevalblanc.be\/wp-content\/uploads\/2014\/05\/Merci-\u00e0-nos-sponsors-4-800x600.png\" height=\"600\" width=\"800\" alt=\"\" class=\"slider-84 slide-92\" \/><a href=\"http:\/\/www.thierrypeiffer.be\" target=\"_blank\"><img loading=\"lazy\" decoding=\"async\" src=\"https:\/\/www.tcchevalblanc.be\/wp-content\/uploads\/2014\/05\/Merci-\u00e0-nos-sponsors-2-800x600.png\" height=\"600\" width=\"800\" alt=\"\" class=\"slider-84 slide-86\" \/><\/a><img loading=\"lazy\" decoding=\"async\" src=\"https:\/\/www.tcchevalblanc.be\/wp-content\/uploads\/2014\/05\/Merci-\u00e0-nos-sponsors-17-800x600.png\" height=\"600\" width=\"800\" alt=\"\" class=\"slider-84 slide-105\" \/><img loading=\"lazy\" decoding=\"async\" src=\"https:\/\/www.tcchevalblanc.be\/wp-content\/uploads\/2014\/05\/Merci-\u00e0-nos-sponsors-12-800x600.png\" height=\"600\" width=\"800\" alt=\"\" class=\"slider-84 slide-100\" \/><img loading=\"lazy\" decoding=\"async\" src=\"https:\/\/www.tcchevalblanc.be\/wp-content\/uploads\/2014\/05\/Merci-\u00e0-nos-sponsors-8-800x600.png\" height=\"600\" width=\"800\" alt=\"\" class=\"slider-84 slide-96\" \/><a href=\"http:\/\/www.renda.be\" target=\"_blank\"><img loading=\"lazy\" decoding=\"async\" src=\"https:\/\/www.tcchevalblanc.be\/wp-content\/uploads\/2015\/03\/Merci-\u00e0-nos-sponsors-800x600.png\" height=\"600\" width=\"800\" alt=\"\" class=\"slider-84 slide-411\" \/><\/a><a href=\"http:\/\/www.diwisports.be\" target=\"_blank\"><img loading=\"lazy\" decoding=\"async\" src=\"https:\/\/www.tcchevalblanc.be\/wp-content\/uploads\/2014\/05\/Merci-\u00e0-nos-sponsors-5-800x600.png\" height=\"600\" width=\"800\" alt=\"\" class=\"slider-84 slide-93\" \/><\/a><img loading=\"lazy\" decoding=\"async\" src=\"https:\/\/www.tcchevalblanc.be\/wp-content\/uploads\/2017\/04\/JBC-800x600.jpg\" height=\"600\" width=\"800\" alt=\"\" class=\"slider-84 slide-762\" \/><img loading=\"lazy\" decoding=\"async\" src=\"https:\/\/www.tcchevalblanc.be\/wp-content\/uploads\/2014\/05\/Merci-\u00e0-nos-sponsors-16-800x600.png\" height=\"600\" width=\"800\" alt=\"\" class=\"slider-84 slide-104\" \/><\/div><\/div>\n        \n    <\/div>\n<\/div><\/div>\n","protected":false},"excerpt":{"rendered":"<p>Notez bien la date du jeudi 20\/04 pour un double \u00e9v\u00e8nement. D\u2019une part l\u2019assembl\u00e9e g\u00e9n\u00e9rale du club se tiendra \u00e0 19h00. Les membres qui souhaitent rejoindre le Comit\u00e9 doivent envoyer leur candidature au pr\u00e9alable \u00e0 l\u2019adresse&nbsp;: secretaire.tccb@gmail.com D\u00e8s 20h15&nbsp;: ap\u00e9ro INTERCLUBS Vous y \u00eates toutes et tous les bienvenu(e)s&nbsp;!! Les capitaines (qui recevront leur carnet &hellip; <a href=\"https:\/\/www.tcchevalblanc.be\/?p=1797\" class=\"more-link\">Continuer la lecture de <span class=\"screen-reader-text\">Jeudi 20\/04 d\u00e8s 19h00: ap\u00e9ro interclubs et assembl\u00e9e g\u00e9n\u00e9rale<\/span>  <span class=\"meta-nav\">&rarr;<\/span><\/a><\/p>\n","protected":false},"author":5,"featured_media":0,"comment_status":"closed","ping_status":"open","sticky":false,"template":"","format":"standard","meta":{"footnotes":""},"categories":[6],"tags":[],"class_list":["post-1797","post","type-post","status-publish","format-standard","hentry","category-news"],"_links":{"self":[{"href":"https:\/\/www.tcchevalblanc.be\/index.php?rest_route=\/wp\/v2\/posts\/1797","targetHints":{"allow":["GET"]}}],"collection":[{"href":"https:\/\/www.tcchevalblanc.be\/index.php?rest_route=\/wp\/v2\/posts"}],"about":[{"href":"https:\/\/www.tcchevalblanc.be\/index.php?rest_route=\/wp\/v2\/types\/post"}],"author":[{"embeddable":true,"href":"https:\/\/www.tcchevalblanc.be\/index.php?rest_route=\/wp\/v2\/users\/5"}],"replies":[{"embeddable":true,"href":"https:\/\/www.tcchevalblanc.be\/index.php?rest_route=%2Fwp%2Fv2%2Fcomments&post=1797"}],"version-history":[{"count":2,"href":"https:\/\/www.tcchevalblanc.be\/index.php?rest_route=\/wp\/v2\/posts\/1797\/revisions"}],"predecessor-version":[{"id":1800,"href":"https:\/\/www.tcchevalblanc.be\/index.php?rest_route=\/wp\/v2\/posts\/1797\/revisions\/1800"}],"wp:attachment":[{"href":"https:\/\/www.tcchevalblanc.be\/index.php?rest_route=%2Fwp%2Fv2%2Fmedia&parent=1797"}],"wp:term":[{"taxonomy":"category","embeddable":true,"href":"https:\/\/www.tcchevalblanc.be\/index.php?rest_route=%2Fwp%2Fv2%2Fcategories&post=1797"},{"taxonomy":"post_tag","embeddable":true,"href":"https:\/\/www.tcchevalblanc.be\/index.php?rest_route=%2Fwp%2Fv2%2Ftags&post=1797"}],"curies":[{"name":"wp","href":"https:\/\/api.w.org\/{rel}","templated":true}]}}