{"id":745,"date":"2017-02-06T15:39:40","date_gmt":"2017-02-06T14:39:40","guid":{"rendered":"http:\/\/www.tcchevalblanc.be\/?p=745"},"modified":"2017-02-06T15:39:40","modified_gmt":"2017-02-06T14:39:40","slug":"assemblee-generale-du-09022017","status":"publish","type":"post","link":"https:\/\/www.tcchevalblanc.be\/?p=745","title":{"rendered":"Assembl\u00e9e G\u00e9n\u00e9rale du 09\/02\/2017"},"content":{"rendered":"<p><a href=\"http:\/\/www.tcchevalblanc.be\/wp-content\/uploads\/2017\/02\/AG-convoc1.jpg\"><img loading=\"lazy\" decoding=\"async\" class=\"aligncenter size-full wp-image-746\" src=\"http:\/\/www.tcchevalblanc.be\/wp-content\/uploads\/2017\/02\/AG-convoc1.jpg\" alt=\"\" width=\"800\" height=\"217\" srcset=\"https:\/\/www.tcchevalblanc.be\/wp-content\/uploads\/2017\/02\/AG-convoc1.jpg 800w, https:\/\/www.tcchevalblanc.be\/wp-content\/uploads\/2017\/02\/AG-convoc1-300x81.jpg 300w, https:\/\/www.tcchevalblanc.be\/wp-content\/uploads\/2017\/02\/AG-convoc1-768x208.jpg 768w\" sizes=\"auto, (max-width: 800px) 100vw, 800px\" \/><\/a><\/p>\n<p><span style=\"font-family: Lucida Sans Unicode;\">L&rsquo;assembl\u00e9e g\u00e9n\u00e9rale du club aura lieu le <u><strong>9 f\u00e9vrier \u00e0 19h30, <\/strong><\/u>ouverture des portes \u00e0 19h.<br \/>\n<\/span><\/p>\n<p><span style=\"font-family: Lucida Sans Unicode;\">Trois nouveaux administrateurs pourront \u00eatre \u00e9lus lors de l&rsquo;AG, les candidatures se font par mail a <\/span><a href=\"http:\/\/tcchevalblanc.us5.list-manage.com\/track\/click?u=a50376c4e424d5fb57c96e875&amp;id=609fdf07c3&amp;e=bafaa8c80d\" target=\"_blank\"><span style=\"font-family: Lucida Sans Unicode;\">secr\u00e9<\/span><\/a><a href=\"mailto:taire.tccb@gmail.com\" target=\"_blank\"><span style=\"font-family: Lucida Sans Unicode;\">taire.tccb@gmail.com<\/span><\/a><span style=\"font-family: Lucida Sans Unicode;\"> ou avant le d\u00e9but de l&rsquo;assembl\u00e9e.<br \/>\n<\/span><\/p>\n<p><span style=\"font-family: Lucida Sans Unicode;\">Apr\u00e8s l&rsquo;AG, nous ferons le point avec les capitaines d&rsquo;interclubs pour la constitution des \u00e9quipes.<\/span><\/p>\n<p><em><strong>Votre pr\u00e9sence est vivement souhait\u00e9e !<\/strong><\/em><\/p>\n<p><a href=\"http:\/\/www.tcchevalblanc.be\/wp-content\/uploads\/2017\/02\/AG-convoc1.jpg\"><div id=\"metaslider-id-84\" style=\"max-width: 800px;\" class=\"ml-slider-3-95-0 metaslider metaslider-nivo metaslider-84 ml-slider ms-theme-default\" role=\"region\" aria-roledescription=\"Slideshow\" aria-label=\"Merci a nos sponsors\">\n    <div id=\"metaslider_container_84\">\n        <div class='slider-wrapper theme-default'><div class='ribbon'><\/div><div id='metaslider_84' class='nivoSlider'><a href=\"http:\/\/www.rxcounotte.be\" target=\"_blank\"><img loading=\"lazy\" decoding=\"async\" src=\"https:\/\/www.tcchevalblanc.be\/wp-content\/uploads\/2014\/05\/Merci-\u00e0-nos-sponsors-7-800x600.png\" height=\"600\" width=\"800\" alt=\"\" class=\"slider-84 slide-95\" \/><\/a><img loading=\"lazy\" decoding=\"async\" src=\"https:\/\/www.tcchevalblanc.be\/wp-content\/uploads\/2017\/04\/JBC-800x600.jpg\" height=\"600\" width=\"800\" alt=\"\" class=\"slider-84 slide-762\" \/><img loading=\"lazy\" decoding=\"async\" src=\"https:\/\/www.tcchevalblanc.be\/wp-content\/uploads\/2014\/05\/Merci-\u00e0-nos-sponsors-16-800x600.png\" height=\"600\" width=\"800\" alt=\"\" class=\"slider-84 slide-104\" \/><a href=\"http:\/\/www.thierrypeiffer.be\" target=\"_blank\"><img loading=\"lazy\" decoding=\"async\" src=\"https:\/\/www.tcchevalblanc.be\/wp-content\/uploads\/2014\/05\/Merci-\u00e0-nos-sponsors-2-800x600.png\" height=\"600\" width=\"800\" alt=\"\" class=\"slider-84 slide-86\" \/><\/a><img loading=\"lazy\" decoding=\"async\" src=\"https:\/\/www.tcchevalblanc.be\/wp-content\/uploads\/2020\/02\/MF-Associates-1-489x367.png\" height=\"600\" width=\"800\" title=\"M&amp;F Associates\" alt=\"\" class=\"slider-84 slide-988\" \/><a href=\"http:\/\/www.latabledelea.be\" target=\"_blank\"><img loading=\"lazy\" decoding=\"async\" src=\"https:\/\/www.tcchevalblanc.be\/wp-content\/uploads\/2014\/05\/Merci-\u00e0-nos-sponsors-18-800x600.png\" height=\"600\" width=\"800\" alt=\"\" class=\"slider-84 slide-106\" \/><\/a><a href=\"http:\/\/www.renda.be\" target=\"_blank\"><img loading=\"lazy\" decoding=\"async\" src=\"https:\/\/www.tcchevalblanc.be\/wp-content\/uploads\/2015\/03\/Merci-\u00e0-nos-sponsors-800x600.png\" height=\"600\" width=\"800\" alt=\"\" class=\"slider-84 slide-411\" \/><\/a><img loading=\"lazy\" decoding=\"async\" src=\"https:\/\/www.tcchevalblanc.be\/wp-content\/uploads\/2014\/05\/Merci-\u00e0-nos-sponsors-4-800x600.png\" height=\"600\" width=\"800\" alt=\"\" class=\"slider-84 slide-92\" \/><a href=\"http:\/\/www.diwisports.be\" target=\"_blank\"><img loading=\"lazy\" decoding=\"async\" src=\"https:\/\/www.tcchevalblanc.be\/wp-content\/uploads\/2014\/05\/Merci-\u00e0-nos-sponsors-5-800x600.png\" height=\"600\" width=\"800\" alt=\"\" class=\"slider-84 slide-93\" \/><\/a><img loading=\"lazy\" decoding=\"async\" src=\"https:\/\/www.tcchevalblanc.be\/wp-content\/uploads\/2014\/05\/Merci-\u00e0-nos-sponsors-12-800x600.png\" height=\"600\" width=\"800\" alt=\"\" class=\"slider-84 slide-100\" \/><img loading=\"lazy\" decoding=\"async\" src=\"https:\/\/www.tcchevalblanc.be\/wp-content\/uploads\/2014\/05\/Merci-\u00e0-nos-sponsors-8-800x600.png\" height=\"600\" width=\"800\" alt=\"\" class=\"slider-84 slide-96\" \/><img loading=\"lazy\" decoding=\"async\" src=\"https:\/\/www.tcchevalblanc.be\/wp-content\/uploads\/2014\/05\/Merci-\u00e0-nos-sponsors-17-800x600.png\" height=\"600\" width=\"800\" alt=\"\" class=\"slider-84 slide-105\" \/><a href=\"http:\/\/www.bernardgillet.be\" target=\"_blank\"><img loading=\"lazy\" decoding=\"async\" src=\"https:\/\/www.tcchevalblanc.be\/wp-content\/uploads\/2014\/05\/Merci-\u00e0-nos-sponsors-111-800x600.png\" height=\"600\" width=\"800\" alt=\"\" class=\"slider-84 slide-99\" \/><\/a><\/div><\/div>\n        \n    <\/div>\n<\/div><\/a><\/p>\n","protected":false},"excerpt":{"rendered":"<p>L&rsquo;assembl\u00e9e g\u00e9n\u00e9rale du club aura lieu le 9 f\u00e9vrier \u00e0 19h30, ouverture des portes \u00e0 19h. Trois nouveaux administrateurs pourront \u00eatre \u00e9lus lors de l&rsquo;AG, les candidatures se font par mail a secr\u00e9taire.tccb@gmail.com ou avant le d\u00e9but de l&rsquo;assembl\u00e9e. Apr\u00e8s l&rsquo;AG, nous ferons le point avec les capitaines d&rsquo;interclubs pour la constitution des \u00e9quipes. Votre &hellip; <a href=\"https:\/\/www.tcchevalblanc.be\/?p=745\" class=\"more-link\">Continuer la lecture de <span class=\"screen-reader-text\">Assembl\u00e9e G\u00e9n\u00e9rale du 09\/02\/2017<\/span>  <span class=\"meta-nav\">&rarr;<\/span><\/a><\/p>\n","protected":false},"author":2,"featured_media":0,"comment_status":"closed","ping_status":"open","sticky":false,"template":"","format":"standard","meta":{"footnotes":""},"categories":[6],"tags":[],"class_list":["post-745","post","type-post","status-publish","format-standard","hentry","category-news"],"_links":{"self":[{"href":"https:\/\/www.tcchevalblanc.be\/index.php?rest_route=\/wp\/v2\/posts\/745","targetHints":{"allow":["GET"]}}],"collection":[{"href":"https:\/\/www.tcchevalblanc.be\/index.php?rest_route=\/wp\/v2\/posts"}],"about":[{"href":"https:\/\/www.tcchevalblanc.be\/index.php?rest_route=\/wp\/v2\/types\/post"}],"author":[{"embeddable":true,"href":"https:\/\/www.tcchevalblanc.be\/index.php?rest_route=\/wp\/v2\/users\/2"}],"replies":[{"embeddable":true,"href":"https:\/\/www.tcchevalblanc.be\/index.php?rest_route=%2Fwp%2Fv2%2Fcomments&post=745"}],"version-history":[{"count":6,"href":"https:\/\/www.tcchevalblanc.be\/index.php?rest_route=\/wp\/v2\/posts\/745\/revisions"}],"predecessor-version":[{"id":753,"href":"https:\/\/www.tcchevalblanc.be\/index.php?rest_route=\/wp\/v2\/posts\/745\/revisions\/753"}],"wp:attachment":[{"href":"https:\/\/www.tcchevalblanc.be\/index.php?rest_route=%2Fwp%2Fv2%2Fmedia&parent=745"}],"wp:term":[{"taxonomy":"category","embeddable":true,"href":"https:\/\/www.tcchevalblanc.be\/index.php?rest_route=%2Fwp%2Fv2%2Fcategories&post=745"},{"taxonomy":"post_tag","embeddable":true,"href":"https:\/\/www.tcchevalblanc.be\/index.php?rest_route=%2Fwp%2Fv2%2Ftags&post=745"}],"curies":[{"name":"wp","href":"https:\/\/api.w.org\/{rel}","templated":true}]}}