{"id":755,"date":"2017-03-01T14:20:02","date_gmt":"2017-03-01T13:20:02","guid":{"rendered":"http:\/\/www.tcchevalblanc.be\/?p=755"},"modified":"2017-03-01T14:20:02","modified_gmt":"2017-03-01T13:20:02","slug":"soiree-carnaval-11032017","status":"publish","type":"post","link":"https:\/\/www.tcchevalblanc.be\/?p=755","title":{"rendered":"Soir\u00e9e carnaval 11\/03\/2017"},"content":{"rendered":"<p><strong><em>Samedi 11\/03\/17, on f\u00eate le carnaval au TCCB !<\/em><\/strong><\/p>\n<p><a href=\"http:\/\/www.tcchevalblanc.be\/wp-content\/uploads\/2017\/03\/Soir\u00e9e-carnaval.jpg\"><img loading=\"lazy\" decoding=\"async\" class=\"aligncenter size-full wp-image-756\" src=\"http:\/\/www.tcchevalblanc.be\/wp-content\/uploads\/2017\/03\/Soir\u00e9e-carnaval.jpg\" alt=\"\" width=\"960\" height=\"606\" srcset=\"https:\/\/www.tcchevalblanc.be\/wp-content\/uploads\/2017\/03\/Soir\u00e9e-carnaval.jpg 960w, https:\/\/www.tcchevalblanc.be\/wp-content\/uploads\/2017\/03\/Soir\u00e9e-carnaval-300x189.jpg 300w, https:\/\/www.tcchevalblanc.be\/wp-content\/uploads\/2017\/03\/Soir\u00e9e-carnaval-768x485.jpg 768w\" sizes=\"auto, (max-width: 960px) 100vw, 960px\" \/><\/a><\/p>\n<p>Rendez-vous avec votre plus beau d\u00e9guisement d\u00e8s 17h00 pour l&rsquo;ap\u00e9ro et \u00e0 20h30 pour le souper.\u00a0Cette ann\u00e9e, l&rsquo;\u00e9quipe-bar vous propose les boulets-frites\u00a0pr\u00e9par\u00e9s par\u00a0B\u00e9n\u00e9\u00a0au prix de 10 \u20ac (r\u00e9servation jusqu&rsquo;au mercredi 08\/03\/17 \u00e0 20h00).<\/p>\n<p>D\u00e8s 22h30, soir\u00e9e \u00ab\u00a0TCCB ol\u00e9 ol\u00e9\u00a0\u00bb anim\u00e9e par\u00a0papy Bruno Vermeire en mode carnaval&#8230;<\/p>\n<p>Voir\u00a0aussi <a href=\"https:\/\/www.facebook.com\/events\/1314091381994691\/1332690083468154\/?notif_t=plan_mall_activity&amp;notif_id=1488364834910699\"><u><span style=\"color: #0066cc;\">la page Facebook de l&rsquo;\u00e9v\u00e8nement<\/span><\/u><\/a><\/p>\n<div id=\"metaslider-id-84\" style=\"max-width: 800px;\" class=\"ml-slider-3-95-0 metaslider metaslider-nivo metaslider-84 ml-slider ms-theme-default\" role=\"region\" aria-roledescription=\"Slideshow\" aria-label=\"Merci a nos sponsors\">\n    <div id=\"metaslider_container_84\">\n        <div class='slider-wrapper theme-default'><div class='ribbon'><\/div><div id='metaslider_84' class='nivoSlider'><img loading=\"lazy\" decoding=\"async\" src=\"https:\/\/www.tcchevalblanc.be\/wp-content\/uploads\/2020\/02\/MF-Associates-1-489x367.png\" height=\"600\" width=\"800\" title=\"M&amp;F Associates\" alt=\"\" class=\"slider-84 slide-988\" \/><img loading=\"lazy\" decoding=\"async\" src=\"https:\/\/www.tcchevalblanc.be\/wp-content\/uploads\/2014\/05\/Merci-\u00e0-nos-sponsors-12-800x600.png\" height=\"600\" width=\"800\" alt=\"\" class=\"slider-84 slide-100\" \/><a href=\"http:\/\/www.bernardgillet.be\" target=\"_blank\"><img loading=\"lazy\" decoding=\"async\" src=\"https:\/\/www.tcchevalblanc.be\/wp-content\/uploads\/2014\/05\/Merci-\u00e0-nos-sponsors-111-800x600.png\" height=\"600\" width=\"800\" alt=\"\" class=\"slider-84 slide-99\" \/><\/a><img loading=\"lazy\" decoding=\"async\" src=\"https:\/\/www.tcchevalblanc.be\/wp-content\/uploads\/2014\/05\/Merci-\u00e0-nos-sponsors-16-800x600.png\" height=\"600\" width=\"800\" alt=\"\" class=\"slider-84 slide-104\" \/><a href=\"http:\/\/www.diwisports.be\" target=\"_blank\"><img loading=\"lazy\" decoding=\"async\" src=\"https:\/\/www.tcchevalblanc.be\/wp-content\/uploads\/2014\/05\/Merci-\u00e0-nos-sponsors-5-800x600.png\" height=\"600\" width=\"800\" alt=\"\" class=\"slider-84 slide-93\" \/><\/a><img loading=\"lazy\" decoding=\"async\" src=\"https:\/\/www.tcchevalblanc.be\/wp-content\/uploads\/2014\/05\/Merci-\u00e0-nos-sponsors-17-800x600.png\" height=\"600\" width=\"800\" alt=\"\" class=\"slider-84 slide-105\" \/><a href=\"http:\/\/www.rxcounotte.be\" target=\"_blank\"><img loading=\"lazy\" decoding=\"async\" src=\"https:\/\/www.tcchevalblanc.be\/wp-content\/uploads\/2014\/05\/Merci-\u00e0-nos-sponsors-7-800x600.png\" height=\"600\" width=\"800\" alt=\"\" class=\"slider-84 slide-95\" \/><\/a><a href=\"http:\/\/www.renda.be\" target=\"_blank\"><img loading=\"lazy\" decoding=\"async\" src=\"https:\/\/www.tcchevalblanc.be\/wp-content\/uploads\/2015\/03\/Merci-\u00e0-nos-sponsors-800x600.png\" height=\"600\" width=\"800\" alt=\"\" class=\"slider-84 slide-411\" \/><\/a><img loading=\"lazy\" decoding=\"async\" src=\"https:\/\/www.tcchevalblanc.be\/wp-content\/uploads\/2014\/05\/Merci-\u00e0-nos-sponsors-4-800x600.png\" height=\"600\" width=\"800\" alt=\"\" class=\"slider-84 slide-92\" \/><img loading=\"lazy\" decoding=\"async\" src=\"https:\/\/www.tcchevalblanc.be\/wp-content\/uploads\/2017\/04\/JBC-800x600.jpg\" height=\"600\" width=\"800\" alt=\"\" class=\"slider-84 slide-762\" \/><a href=\"http:\/\/www.latabledelea.be\" target=\"_blank\"><img loading=\"lazy\" decoding=\"async\" src=\"https:\/\/www.tcchevalblanc.be\/wp-content\/uploads\/2014\/05\/Merci-\u00e0-nos-sponsors-18-800x600.png\" height=\"600\" width=\"800\" alt=\"\" class=\"slider-84 slide-106\" \/><\/a><a href=\"http:\/\/www.thierrypeiffer.be\" target=\"_blank\"><img loading=\"lazy\" decoding=\"async\" src=\"https:\/\/www.tcchevalblanc.be\/wp-content\/uploads\/2014\/05\/Merci-\u00e0-nos-sponsors-2-800x600.png\" height=\"600\" width=\"800\" alt=\"\" class=\"slider-84 slide-86\" \/><\/a><img loading=\"lazy\" decoding=\"async\" src=\"https:\/\/www.tcchevalblanc.be\/wp-content\/uploads\/2014\/05\/Merci-\u00e0-nos-sponsors-8-800x600.png\" height=\"600\" width=\"800\" alt=\"\" class=\"slider-84 slide-96\" \/><\/div><\/div>\n        \n    <\/div>\n<\/div>\n<p>&nbsp;<\/p>\n","protected":false},"excerpt":{"rendered":"<p>Samedi 11\/03\/17, on f\u00eate le carnaval au TCCB ! Rendez-vous avec votre plus beau d\u00e9guisement d\u00e8s 17h00 pour l&rsquo;ap\u00e9ro et \u00e0 20h30 pour le souper.\u00a0Cette ann\u00e9e, l&rsquo;\u00e9quipe-bar vous propose les boulets-frites\u00a0pr\u00e9par\u00e9s par\u00a0B\u00e9n\u00e9\u00a0au prix de 10 \u20ac (r\u00e9servation jusqu&rsquo;au mercredi 08\/03\/17 \u00e0 20h00). D\u00e8s 22h30, soir\u00e9e \u00ab\u00a0TCCB ol\u00e9 ol\u00e9\u00a0\u00bb anim\u00e9e par\u00a0papy Bruno Vermeire en mode carnaval&#8230; &hellip; <a href=\"https:\/\/www.tcchevalblanc.be\/?p=755\" class=\"more-link\">Continuer la lecture de <span class=\"screen-reader-text\">Soir\u00e9e carnaval 11\/03\/2017<\/span>  <span class=\"meta-nav\">&rarr;<\/span><\/a><\/p>\n","protected":false},"author":2,"featured_media":0,"comment_status":"closed","ping_status":"open","sticky":false,"template":"","format":"standard","meta":{"footnotes":""},"categories":[6],"tags":[],"class_list":["post-755","post","type-post","status-publish","format-standard","hentry","category-news"],"_links":{"self":[{"href":"https:\/\/www.tcchevalblanc.be\/index.php?rest_route=\/wp\/v2\/posts\/755","targetHints":{"allow":["GET"]}}],"collection":[{"href":"https:\/\/www.tcchevalblanc.be\/index.php?rest_route=\/wp\/v2\/posts"}],"about":[{"href":"https:\/\/www.tcchevalblanc.be\/index.php?rest_route=\/wp\/v2\/types\/post"}],"author":[{"embeddable":true,"href":"https:\/\/www.tcchevalblanc.be\/index.php?rest_route=\/wp\/v2\/users\/2"}],"replies":[{"embeddable":true,"href":"https:\/\/www.tcchevalblanc.be\/index.php?rest_route=%2Fwp%2Fv2%2Fcomments&post=755"}],"version-history":[{"count":3,"href":"https:\/\/www.tcchevalblanc.be\/index.php?rest_route=\/wp\/v2\/posts\/755\/revisions"}],"predecessor-version":[{"id":759,"href":"https:\/\/www.tcchevalblanc.be\/index.php?rest_route=\/wp\/v2\/posts\/755\/revisions\/759"}],"wp:attachment":[{"href":"https:\/\/www.tcchevalblanc.be\/index.php?rest_route=%2Fwp%2Fv2%2Fmedia&parent=755"}],"wp:term":[{"taxonomy":"category","embeddable":true,"href":"https:\/\/www.tcchevalblanc.be\/index.php?rest_route=%2Fwp%2Fv2%2Fcategories&post=755"},{"taxonomy":"post_tag","embeddable":true,"href":"https:\/\/www.tcchevalblanc.be\/index.php?rest_route=%2Fwp%2Fv2%2Ftags&post=755"}],"curies":[{"name":"wp","href":"https:\/\/api.w.org\/{rel}","templated":true}]}}