{"id":915,"date":"2019-03-27T16:23:12","date_gmt":"2019-03-27T15:23:12","guid":{"rendered":"http:\/\/www.tcchevalblanc.be\/?p=915"},"modified":"2019-03-27T16:24:10","modified_gmt":"2019-03-27T15:24:10","slug":"ouverture-de-la-saison-2019","status":"publish","type":"post","link":"https:\/\/www.tcchevalblanc.be\/?p=915","title":{"rendered":"Ouverture de la saison 2019"},"content":{"rendered":"<p style=\"text-align: left;\">Tic tac tic tac &#8230; \u00e7a commence \u00e0 sentir bon la brique pil\u00e9e&#8230;<\/p>\n<p>Samedi 13 Avril ouverture de votre TCCB \ud83c\udf89<\/p>\n<p>\u2022 17h premier ap\u00e9ro de la saison<br \/>\n\u2022 20h30 repas<\/p>\n<p><a id=\"irc_mil\" href=\"http:\/\/www.google.be\/url?sa=i&amp;rct=j&amp;q=&amp;esrc=s&amp;source=images&amp;cd=&amp;cad=rja&amp;uact=8&amp;ved=2ahUKEwj-0cvMz6LhAhVRWBoKHZF8DVoQjRx6BAgBEAU&amp;url=http%3A%2F%2Fcochongrille.e-monsite.com%2Fpages%2Fprestations-de-cochon-grille.html&amp;psig=AOvVaw2ALzXfXV2Sy6hUbo-WnqfK&amp;ust=1553786281511600\" data-cthref=\"http:\/\/www.google.be\/url?sa=i&amp;rct=j&amp;q=&amp;esrc=s&amp;source=images&amp;cd=&amp;cad=rja&amp;uact=8&amp;ved=2ahUKEwj-0cvMz6LhAhVRWBoKHZF8DVoQjRx6BAgBEAU&amp;url=http%3A%2F%2Fcochongrille.e-monsite.com%2Fpages%2Fprestations-de-cochon-grille.html&amp;psig=AOvVaw2ALzXfXV2Sy6hUbo-WnqfK&amp;ust=1553786281511600\" data-ved=\"2ahUKEwj-0cvMz6LhAhVRWBoKHZF8DVoQjRx6BAgBEAU\"><img loading=\"lazy\" decoding=\"async\" id=\"irc_mi\" src=\"http:\/\/s3.e-monsite.com\/2010\/10\/06\/06\/resize_550_550\/\/soiree_02.jpg\" alt=\"Image associ\u00e9e\" width=\"384\" height=\"322\" data-iml=\"1553700016541\" \/><\/a><\/p>\n<p>Cette ann\u00e9e nous vous proposons \u00ab un cochon de lait \u00ab servi avec gratin dauphinois, crudit\u00e9s, diverses sauces chaudes et froides , pr\u00e9par\u00e9 par le traiteur Tommy second\u00e9 par notre B\u00e9n\u00e9&#8230;<\/p>\n<p>R\u00e9servation soit par sms au 0495320823 soit via <a href=\"https:\/\/www.facebook.com\/events\/622747958195803\/\">la page facebook de l&rsquo;\u00e9v\u00e9nement<\/a>. Cl\u00f4ture des inscriptions le mercredi 10 Avril \u00e0 17h00 !!! ( Notez bien l\u2019heure \ud83d\ude0a).<\/p>\n<p>\u2022 22h30 petite soir\u00e9e d\u2019ouverture anim\u00e9e par papy Bruno<\/p>\n<p>En esp\u00e9rant vous y rencontrer, le comit\u00e9 et l\u2019\u00e9quipe bar vous souhaitent une excellente saison tennistique, qu\u2019elle vous soit agr\u00e9able et festive..<\/p>\n<p>Tccb ol\u00e9 ol\u00e9 !!!<\/p>\n<div id=\"metaslider-id-84\" style=\"max-width: 800px;\" class=\"ml-slider-3-95-0 metaslider metaslider-nivo metaslider-84 ml-slider ms-theme-default\" role=\"region\" aria-roledescription=\"Slideshow\" aria-label=\"Merci a nos sponsors\">\n    <div id=\"metaslider_container_84\">\n        <div class='slider-wrapper theme-default'><div class='ribbon'><\/div><div id='metaslider_84' class='nivoSlider'><img loading=\"lazy\" decoding=\"async\" src=\"https:\/\/www.tcchevalblanc.be\/wp-content\/uploads\/2014\/05\/Merci-\u00e0-nos-sponsors-16-800x600.png\" height=\"600\" width=\"800\" alt=\"\" class=\"slider-84 slide-104\" \/><img loading=\"lazy\" decoding=\"async\" src=\"https:\/\/www.tcchevalblanc.be\/wp-content\/uploads\/2020\/02\/MF-Associates-1-489x367.png\" height=\"600\" width=\"800\" title=\"M&amp;F Associates\" alt=\"\" class=\"slider-84 slide-988\" \/><a href=\"http:\/\/www.thierrypeiffer.be\" target=\"_blank\"><img loading=\"lazy\" decoding=\"async\" src=\"https:\/\/www.tcchevalblanc.be\/wp-content\/uploads\/2014\/05\/Merci-\u00e0-nos-sponsors-2-800x600.png\" height=\"600\" width=\"800\" alt=\"\" class=\"slider-84 slide-86\" \/><\/a><a href=\"http:\/\/www.rxcounotte.be\" target=\"_blank\"><img loading=\"lazy\" decoding=\"async\" src=\"https:\/\/www.tcchevalblanc.be\/wp-content\/uploads\/2014\/05\/Merci-\u00e0-nos-sponsors-7-800x600.png\" height=\"600\" width=\"800\" alt=\"\" class=\"slider-84 slide-95\" \/><\/a><img loading=\"lazy\" decoding=\"async\" src=\"https:\/\/www.tcchevalblanc.be\/wp-content\/uploads\/2017\/04\/JBC-800x600.jpg\" height=\"600\" width=\"800\" alt=\"\" class=\"slider-84 slide-762\" \/><img loading=\"lazy\" decoding=\"async\" src=\"https:\/\/www.tcchevalblanc.be\/wp-content\/uploads\/2014\/05\/Merci-\u00e0-nos-sponsors-12-800x600.png\" height=\"600\" width=\"800\" alt=\"\" class=\"slider-84 slide-100\" \/><a href=\"http:\/\/www.latabledelea.be\" target=\"_blank\"><img loading=\"lazy\" decoding=\"async\" src=\"https:\/\/www.tcchevalblanc.be\/wp-content\/uploads\/2014\/05\/Merci-\u00e0-nos-sponsors-18-800x600.png\" height=\"600\" width=\"800\" alt=\"\" class=\"slider-84 slide-106\" \/><\/a><img loading=\"lazy\" decoding=\"async\" src=\"https:\/\/www.tcchevalblanc.be\/wp-content\/uploads\/2014\/05\/Merci-\u00e0-nos-sponsors-8-800x600.png\" height=\"600\" width=\"800\" alt=\"\" class=\"slider-84 slide-96\" \/><a href=\"http:\/\/www.renda.be\" target=\"_blank\"><img loading=\"lazy\" decoding=\"async\" src=\"https:\/\/www.tcchevalblanc.be\/wp-content\/uploads\/2015\/03\/Merci-\u00e0-nos-sponsors-800x600.png\" height=\"600\" width=\"800\" alt=\"\" class=\"slider-84 slide-411\" \/><\/a><img loading=\"lazy\" decoding=\"async\" src=\"https:\/\/www.tcchevalblanc.be\/wp-content\/uploads\/2014\/05\/Merci-\u00e0-nos-sponsors-4-800x600.png\" height=\"600\" width=\"800\" alt=\"\" class=\"slider-84 slide-92\" \/><a href=\"http:\/\/www.diwisports.be\" target=\"_blank\"><img loading=\"lazy\" decoding=\"async\" src=\"https:\/\/www.tcchevalblanc.be\/wp-content\/uploads\/2014\/05\/Merci-\u00e0-nos-sponsors-5-800x600.png\" height=\"600\" width=\"800\" alt=\"\" class=\"slider-84 slide-93\" \/><\/a><img loading=\"lazy\" decoding=\"async\" src=\"https:\/\/www.tcchevalblanc.be\/wp-content\/uploads\/2014\/05\/Merci-\u00e0-nos-sponsors-17-800x600.png\" height=\"600\" width=\"800\" alt=\"\" class=\"slider-84 slide-105\" \/><a href=\"http:\/\/www.bernardgillet.be\" target=\"_blank\"><img loading=\"lazy\" decoding=\"async\" src=\"https:\/\/www.tcchevalblanc.be\/wp-content\/uploads\/2014\/05\/Merci-\u00e0-nos-sponsors-111-800x600.png\" height=\"600\" width=\"800\" alt=\"\" class=\"slider-84 slide-99\" \/><\/a><\/div><\/div>\n        \n    <\/div>\n<\/div>\n","protected":false},"excerpt":{"rendered":"<p>Tic tac tic tac &#8230; \u00e7a commence \u00e0 sentir bon la brique pil\u00e9e&#8230; Samedi 13 Avril ouverture de votre TCCB \ud83c\udf89 \u2022 17h premier ap\u00e9ro de la saison \u2022 20h30 repas Cette ann\u00e9e nous vous proposons \u00ab un cochon de lait \u00ab servi avec gratin dauphinois, crudit\u00e9s, diverses sauces chaudes et froides , pr\u00e9par\u00e9 par &hellip; <a href=\"https:\/\/www.tcchevalblanc.be\/?p=915\" class=\"more-link\">Continuer la lecture de <span class=\"screen-reader-text\">Ouverture de la saison 2019<\/span>  <span class=\"meta-nav\">&rarr;<\/span><\/a><\/p>\n","protected":false},"author":2,"featured_media":0,"comment_status":"closed","ping_status":"open","sticky":false,"template":"","format":"standard","meta":{"footnotes":""},"categories":[6],"tags":[],"class_list":["post-915","post","type-post","status-publish","format-standard","hentry","category-news"],"_links":{"self":[{"href":"https:\/\/www.tcchevalblanc.be\/index.php?rest_route=\/wp\/v2\/posts\/915","targetHints":{"allow":["GET"]}}],"collection":[{"href":"https:\/\/www.tcchevalblanc.be\/index.php?rest_route=\/wp\/v2\/posts"}],"about":[{"href":"https:\/\/www.tcchevalblanc.be\/index.php?rest_route=\/wp\/v2\/types\/post"}],"author":[{"embeddable":true,"href":"https:\/\/www.tcchevalblanc.be\/index.php?rest_route=\/wp\/v2\/users\/2"}],"replies":[{"embeddable":true,"href":"https:\/\/www.tcchevalblanc.be\/index.php?rest_route=%2Fwp%2Fv2%2Fcomments&post=915"}],"version-history":[{"count":5,"href":"https:\/\/www.tcchevalblanc.be\/index.php?rest_route=\/wp\/v2\/posts\/915\/revisions"}],"predecessor-version":[{"id":921,"href":"https:\/\/www.tcchevalblanc.be\/index.php?rest_route=\/wp\/v2\/posts\/915\/revisions\/921"}],"wp:attachment":[{"href":"https:\/\/www.tcchevalblanc.be\/index.php?rest_route=%2Fwp%2Fv2%2Fmedia&parent=915"}],"wp:term":[{"taxonomy":"category","embeddable":true,"href":"https:\/\/www.tcchevalblanc.be\/index.php?rest_route=%2Fwp%2Fv2%2Fcategories&post=915"},{"taxonomy":"post_tag","embeddable":true,"href":"https:\/\/www.tcchevalblanc.be\/index.php?rest_route=%2Fwp%2Fv2%2Ftags&post=915"}],"curies":[{"name":"wp","href":"https:\/\/api.w.org\/{rel}","templated":true}]}}