{"id":943,"date":"2019-12-04T21:28:35","date_gmt":"2019-12-04T20:28:35","guid":{"rendered":"http:\/\/www.tcchevalblanc.be\/?p=943"},"modified":"2019-12-04T21:29:21","modified_gmt":"2019-12-04T20:29:21","slug":"pere-noel-tccb","status":"publish","type":"post","link":"https:\/\/www.tcchevalblanc.be\/?p=943","title":{"rendered":"P\u00e8re No\u00ebl @ TCCB"},"content":{"rendered":"<div class=\"_63ew\" data-testid=\"event-permalink-details\"><a href=\"http:\/\/www.tcchevalblanc.be\/wp-content\/uploads\/2019\/12\/p\u00e8re-no\u00ebl.jpg\">\u00a0<\/a><a href=\"http:\/\/www.tcchevalblanc.be\/wp-content\/uploads\/2019\/12\/p\u00e8re-no\u00ebl.jpg\"><img loading=\"lazy\" decoding=\"async\" class=\"aligncenter wp-image-944 size-full\" src=\"http:\/\/www.tcchevalblanc.be\/wp-content\/uploads\/2019\/12\/p\u00e8re-no\u00ebl.jpg\" alt=\"\" width=\"600\" height=\"168\" srcset=\"https:\/\/www.tcchevalblanc.be\/wp-content\/uploads\/2019\/12\/p\u00e8re-no\u00ebl.jpg 600w, https:\/\/www.tcchevalblanc.be\/wp-content\/uploads\/2019\/12\/p\u00e8re-no\u00ebl-300x84.jpg 300w\" sizes=\"auto, (max-width: 600px) 100vw, 600px\" \/><br \/>\n<\/a><\/div>\n<div class=\"_63ew\" data-testid=\"event-permalink-details\">Samedi 21 d\u00e9cembre, visite du P\u00e8re No\u00ebl au TCCB :<br \/>\n&#8211; 16h30 ap\u00e9ro avec une bi\u00e8re de No\u00ebl au f\u00fbt et le traditionnel \u00ab\u00a0boudin de No\u00ebl\u00a0\u00bb<br \/>\n&#8211; vers 18h30 arriv\u00e9e du P\u00e8re No\u00ebl ( un mail de Xavier suivra pour que vous puissiez\u00a0\u00a0inscrire vos enfants)<br \/>\n&#8211; petite restauration sous forme de Hot Dog et de Tartiflette<\/div>\n<div class=\"_63ew\" data-testid=\"event-permalink-details\">&#8211; D\u00e8s 22h30, soir\u00e9e avec Damien en mode No\u00ebl&#8230;<\/div>\n<div class=\"_63ew\" data-testid=\"event-permalink-details\"><\/div>\n<div class=\"_63ew\" data-testid=\"event-permalink-details\">Le comit\u00e9 et l\u2019\u00e9quipe bar vous souhaitent d\u00e9j\u00e0 de belles f\u00eates de fin d\u2019ann\u00e9e et esp\u00e8rent vous voir nombreux ce 21 d\u00e9cembre<\/div>\n<p>&nbsp;<\/p>\n<p>Voir aussi sur\u00a0<a href=\"https:\/\/www.facebook.com\/events\/581595352615874\/\">la page facebook <\/a>de l&rsquo;\u00e9v\u00e8nement.<\/p>\n<div id=\"metaslider-id-84\" style=\"max-width: 800px;\" class=\"ml-slider-3-95-0 metaslider metaslider-nivo metaslider-84 ml-slider ms-theme-default\" role=\"region\" aria-roledescription=\"Slideshow\" aria-label=\"Merci a nos sponsors\">\n    <div id=\"metaslider_container_84\">\n        <div class='slider-wrapper theme-default'><div class='ribbon'><\/div><div id='metaslider_84' class='nivoSlider'><img loading=\"lazy\" decoding=\"async\" src=\"https:\/\/www.tcchevalblanc.be\/wp-content\/uploads\/2014\/05\/Merci-\u00e0-nos-sponsors-16-800x600.png\" height=\"600\" width=\"800\" alt=\"\" class=\"slider-84 slide-104\" \/><a href=\"http:\/\/www.latabledelea.be\" target=\"_blank\"><img loading=\"lazy\" decoding=\"async\" src=\"https:\/\/www.tcchevalblanc.be\/wp-content\/uploads\/2014\/05\/Merci-\u00e0-nos-sponsors-18-800x600.png\" height=\"600\" width=\"800\" alt=\"\" class=\"slider-84 slide-106\" \/><\/a><img loading=\"lazy\" decoding=\"async\" src=\"https:\/\/www.tcchevalblanc.be\/wp-content\/uploads\/2014\/05\/Merci-\u00e0-nos-sponsors-4-800x600.png\" height=\"600\" width=\"800\" alt=\"\" class=\"slider-84 slide-92\" \/><a href=\"http:\/\/www.rxcounotte.be\" target=\"_blank\"><img loading=\"lazy\" decoding=\"async\" src=\"https:\/\/www.tcchevalblanc.be\/wp-content\/uploads\/2014\/05\/Merci-\u00e0-nos-sponsors-7-800x600.png\" height=\"600\" width=\"800\" alt=\"\" class=\"slider-84 slide-95\" \/><\/a><img loading=\"lazy\" decoding=\"async\" src=\"https:\/\/www.tcchevalblanc.be\/wp-content\/uploads\/2014\/05\/Merci-\u00e0-nos-sponsors-17-800x600.png\" height=\"600\" width=\"800\" alt=\"\" class=\"slider-84 slide-105\" \/><a href=\"http:\/\/www.diwisports.be\" target=\"_blank\"><img loading=\"lazy\" decoding=\"async\" src=\"https:\/\/www.tcchevalblanc.be\/wp-content\/uploads\/2014\/05\/Merci-\u00e0-nos-sponsors-5-800x600.png\" height=\"600\" width=\"800\" alt=\"\" class=\"slider-84 slide-93\" \/><\/a><img loading=\"lazy\" decoding=\"async\" src=\"https:\/\/www.tcchevalblanc.be\/wp-content\/uploads\/2017\/04\/JBC-800x600.jpg\" height=\"600\" width=\"800\" alt=\"\" class=\"slider-84 slide-762\" \/><a href=\"http:\/\/www.thierrypeiffer.be\" target=\"_blank\"><img loading=\"lazy\" decoding=\"async\" src=\"https:\/\/www.tcchevalblanc.be\/wp-content\/uploads\/2014\/05\/Merci-\u00e0-nos-sponsors-2-800x600.png\" height=\"600\" width=\"800\" alt=\"\" class=\"slider-84 slide-86\" \/><\/a><a href=\"http:\/\/www.renda.be\" target=\"_blank\"><img loading=\"lazy\" decoding=\"async\" src=\"https:\/\/www.tcchevalblanc.be\/wp-content\/uploads\/2015\/03\/Merci-\u00e0-nos-sponsors-800x600.png\" height=\"600\" width=\"800\" alt=\"\" class=\"slider-84 slide-411\" \/><\/a><a href=\"http:\/\/www.bernardgillet.be\" target=\"_blank\"><img loading=\"lazy\" decoding=\"async\" src=\"https:\/\/www.tcchevalblanc.be\/wp-content\/uploads\/2014\/05\/Merci-\u00e0-nos-sponsors-111-800x600.png\" height=\"600\" width=\"800\" alt=\"\" class=\"slider-84 slide-99\" \/><\/a><img loading=\"lazy\" decoding=\"async\" src=\"https:\/\/www.tcchevalblanc.be\/wp-content\/uploads\/2014\/05\/Merci-\u00e0-nos-sponsors-12-800x600.png\" height=\"600\" width=\"800\" alt=\"\" class=\"slider-84 slide-100\" \/><img loading=\"lazy\" decoding=\"async\" src=\"https:\/\/www.tcchevalblanc.be\/wp-content\/uploads\/2020\/02\/MF-Associates-1-489x367.png\" height=\"600\" width=\"800\" title=\"M&amp;F Associates\" alt=\"\" class=\"slider-84 slide-988\" \/><img loading=\"lazy\" decoding=\"async\" src=\"https:\/\/www.tcchevalblanc.be\/wp-content\/uploads\/2014\/05\/Merci-\u00e0-nos-sponsors-8-800x600.png\" height=\"600\" width=\"800\" alt=\"\" class=\"slider-84 slide-96\" \/><\/div><\/div>\n        \n    <\/div>\n<\/div>\n","protected":false},"excerpt":{"rendered":"<p>\u00a0 Samedi 21 d\u00e9cembre, visite du P\u00e8re No\u00ebl au TCCB : &#8211; 16h30 ap\u00e9ro avec une bi\u00e8re de No\u00ebl au f\u00fbt et le traditionnel \u00ab\u00a0boudin de No\u00ebl\u00a0\u00bb &#8211; vers 18h30 arriv\u00e9e du P\u00e8re No\u00ebl ( un mail de Xavier suivra pour que vous puissiez\u00a0\u00a0inscrire vos enfants) &#8211; petite restauration sous forme de Hot Dog et &hellip; <a href=\"https:\/\/www.tcchevalblanc.be\/?p=943\" class=\"more-link\">Continuer la lecture de <span class=\"screen-reader-text\">P\u00e8re No\u00ebl @ TCCB<\/span>  <span class=\"meta-nav\">&rarr;<\/span><\/a><\/p>\n","protected":false},"author":2,"featured_media":0,"comment_status":"closed","ping_status":"open","sticky":false,"template":"","format":"standard","meta":{"footnotes":""},"categories":[6],"tags":[],"class_list":["post-943","post","type-post","status-publish","format-standard","hentry","category-news"],"_links":{"self":[{"href":"https:\/\/www.tcchevalblanc.be\/index.php?rest_route=\/wp\/v2\/posts\/943","targetHints":{"allow":["GET"]}}],"collection":[{"href":"https:\/\/www.tcchevalblanc.be\/index.php?rest_route=\/wp\/v2\/posts"}],"about":[{"href":"https:\/\/www.tcchevalblanc.be\/index.php?rest_route=\/wp\/v2\/types\/post"}],"author":[{"embeddable":true,"href":"https:\/\/www.tcchevalblanc.be\/index.php?rest_route=\/wp\/v2\/users\/2"}],"replies":[{"embeddable":true,"href":"https:\/\/www.tcchevalblanc.be\/index.php?rest_route=%2Fwp%2Fv2%2Fcomments&post=943"}],"version-history":[{"count":6,"href":"https:\/\/www.tcchevalblanc.be\/index.php?rest_route=\/wp\/v2\/posts\/943\/revisions"}],"predecessor-version":[{"id":950,"href":"https:\/\/www.tcchevalblanc.be\/index.php?rest_route=\/wp\/v2\/posts\/943\/revisions\/950"}],"wp:attachment":[{"href":"https:\/\/www.tcchevalblanc.be\/index.php?rest_route=%2Fwp%2Fv2%2Fmedia&parent=943"}],"wp:term":[{"taxonomy":"category","embeddable":true,"href":"https:\/\/www.tcchevalblanc.be\/index.php?rest_route=%2Fwp%2Fv2%2Fcategories&post=943"},{"taxonomy":"post_tag","embeddable":true,"href":"https:\/\/www.tcchevalblanc.be\/index.php?rest_route=%2Fwp%2Fv2%2Ftags&post=943"}],"curies":[{"name":"wp","href":"https:\/\/api.w.org\/{rel}","templated":true}]}}